{"id":1090,"date":"2017-10-27T17:59:48","date_gmt":"2017-10-27T15:59:48","guid":{"rendered":"http:\/\/www.evelyne-axell.info\/fra\/?p=1090"},"modified":"2017-10-28T18:20:48","modified_gmt":"2017-10-28T16:20:48","slug":"axell-pour-la-premiere-fois-chez-sothebys","status":"publish","type":"post","link":"https:\/\/www.evelyne-axell.info\/fra\/2017\/10\/27\/axell-pour-la-premiere-fois-chez-sothebys\/","title":{"rendered":"Axell pour la premi\u00e8re fois chez Sotheby\u2019s."},"content":{"rendered":"<h2>\u00ab&nbsp;Store v\u00e9nitien&nbsp;\u00bb, une \u0153uvre exceptionnelle en vente \u00e0 Londres.<\/h2>\n<p>&nbsp;<\/p>\n<p><img data-recalc-dims=\"1\" loading=\"lazy\" decoding=\"async\" class=\"alignleft size-medium wp-image-1091\" src=\"https:\/\/i0.wp.com\/www.evelyne-axell.info\/fra\/wp-content\/uploads\/2017\/10\/RGB-Le-store-V%C3%A9nitien.jpg?resize=298%2C400&#038;ssl=1\" alt=\"Store v\u00e9nitien\" width=\"298\" height=\"400\" srcset=\"https:\/\/i0.wp.com\/www.evelyne-axell.info\/fra\/wp-content\/uploads\/2017\/10\/RGB-Le-store-V%C3%A9nitien.jpg?resize=298%2C400&amp;ssl=1 298w, https:\/\/i0.wp.com\/www.evelyne-axell.info\/fra\/wp-content\/uploads\/2017\/10\/RGB-Le-store-V%C3%A9nitien.jpg?resize=112%2C150&amp;ssl=1 112w, https:\/\/i0.wp.com\/www.evelyne-axell.info\/fra\/wp-content\/uploads\/2017\/10\/RGB-Le-store-V%C3%A9nitien.jpg?resize=768%2C1031&amp;ssl=1 768w, https:\/\/i0.wp.com\/www.evelyne-axell.info\/fra\/wp-content\/uploads\/2017\/10\/RGB-Le-store-V%C3%A9nitien.jpg?resize=763%2C1024&amp;ssl=1 763w, https:\/\/i0.wp.com\/www.evelyne-axell.info\/fra\/wp-content\/uploads\/2017\/10\/RGB-Le-store-V%C3%A9nitien.jpg?w=1546&amp;ssl=1 1546w\" sizes=\"auto, (max-width: 298px) 100vw, 298px\" \/>En janvier 1967 Evelyne Axell expose pour la premi\u00e8re fois au prestigieux Palais des Beaux-Arts de Bruxelles (aujourd&rsquo;hui BoZar). Une tr\u00e8s courte exposition qui dure moins de deux semaines, mais qui r\u00e9v\u00e8le l&rsquo;extraordinaire diversit\u00e9 de son travail, m\u00ealant huiles sur toile, collages et assemblages, dont la c\u00e9l\u00e8bre \u0153uvre \u00ab\u00a0Valentine\u00a0\u00bb qui fait d\u00e9sormais partie de la collection de Tate Modern \u00e0 Londres.<\/p>\n<p>Parmi les \u0153uvres pr\u00e9sent\u00e9es \u00e0 cette exposition, le th\u00e8me des \u00ab\u00a0Erotomobiles\u00a0\u00bb est clairement mis en avant avec plusieurs \u0153uvres \u00e9voquant la voiture comme \u00ab\u00a0Ceinture de s\u00e9curit\u00e9\u00a0\u00bb, \u00ab\u00a0Cl\u00e9 de contact\u00a0\u00bb ou encore une grande toile avec un vrai pneu peint en rose fluo.<\/p>\n<div id=\"attachment_1092\" style=\"width: 305px\" class=\"wp-caption alignright\"><img data-recalc-dims=\"1\" loading=\"lazy\" decoding=\"async\" aria-describedby=\"caption-attachment-1092\" class=\"wp-image-1092\" src=\"https:\/\/i0.wp.com\/www.evelyne-axell.info\/fra\/wp-content\/uploads\/2017\/10\/Bozar-1967.jpg?resize=295%2C227&#038;ssl=1\" alt=\"Bozar 1967\" width=\"295\" height=\"227\" srcset=\"https:\/\/i0.wp.com\/www.evelyne-axell.info\/fra\/wp-content\/uploads\/2017\/10\/Bozar-1967.jpg?resize=519%2C400&amp;ssl=1 519w, https:\/\/i0.wp.com\/www.evelyne-axell.info\/fra\/wp-content\/uploads\/2017\/10\/Bozar-1967.jpg?resize=150%2C116&amp;ssl=1 150w, https:\/\/i0.wp.com\/www.evelyne-axell.info\/fra\/wp-content\/uploads\/2017\/10\/Bozar-1967.jpg?resize=768%2C592&amp;ssl=1 768w, https:\/\/i0.wp.com\/www.evelyne-axell.info\/fra\/wp-content\/uploads\/2017\/10\/Bozar-1967.jpg?resize=1024%2C789&amp;ssl=1 1024w, https:\/\/i0.wp.com\/www.evelyne-axell.info\/fra\/wp-content\/uploads\/2017\/10\/Bozar-1967.jpg?w=1384&amp;ssl=1 1384w\" sizes=\"auto, (max-width: 295px) 100vw, 295px\" \/><p id=\"caption-attachment-1092\" class=\"wp-caption-text\">Evelyne Axell en 1967 avec \u00ab\u00a0Championne\u00a0\u00bb<\/p><\/div>\n<p>Cependant, trois \u0153uvres r\u00e9centes (1966) avec une approche esth\u00e9tique diff\u00e9rente sont \u00e9galement expos\u00e9es.&nbsp; Un fond \u00e0 rayures de couleur est peint \u00e0 l&rsquo;huile sur toile, tandis qu&rsquo;une silhouette est d\u00e9coup\u00e9e dans de la toile brute (non trait\u00e9e), color\u00e9e \u00e0 l&rsquo;aide d&rsquo;une peinture en a\u00e9rosol et coll\u00e9e sur le fond. Deux d&rsquo;entre elles avaient des rayures verticales &#8211; \u00ab\u00a0Championnes 1 &amp; 2\u00a0\u00bb &#8211; et une horizontales; \u00ab\u00a0Store v\u00e9nitien\u00a0\u00bb.<\/p>\n<p>\u00ab\u00a0Store v\u00e9nitien\u00a0\u00bb a \u00e9t\u00e9 rep\u00e9r\u00e9 et acquis par Bernard Giron, fils de Robert Giron, pr\u00e9sident de la Soci\u00e9t\u00e9 des expositions du Palais des Beaux-Arts pendant quatre d\u00e9cennies qui a accept\u00e9 d\u2019organiser cette premi\u00e8re exposition individuelle.<\/p>\n<p><img data-recalc-dims=\"1\" loading=\"lazy\" decoding=\"async\" class=\"alignleft wp-image-1093\" src=\"https:\/\/i0.wp.com\/www.evelyne-axell.info\/fra\/wp-content\/uploads\/2017\/10\/Affiche-expo-Bozar-1967.jpg?resize=199%2C281&#038;ssl=1\" alt=\"Affiche expo Bozar 1967\" width=\"199\" height=\"281\" srcset=\"https:\/\/i0.wp.com\/www.evelyne-axell.info\/fra\/wp-content\/uploads\/2017\/10\/Affiche-expo-Bozar-1967.jpg?resize=283%2C400&amp;ssl=1 283w, https:\/\/i0.wp.com\/www.evelyne-axell.info\/fra\/wp-content\/uploads\/2017\/10\/Affiche-expo-Bozar-1967.jpg?resize=106%2C150&amp;ssl=1 106w, https:\/\/i0.wp.com\/www.evelyne-axell.info\/fra\/wp-content\/uploads\/2017\/10\/Affiche-expo-Bozar-1967.jpg?resize=768%2C1085&amp;ssl=1 768w, https:\/\/i0.wp.com\/www.evelyne-axell.info\/fra\/wp-content\/uploads\/2017\/10\/Affiche-expo-Bozar-1967.jpg?resize=725%2C1024&amp;ssl=1 725w, https:\/\/i0.wp.com\/www.evelyne-axell.info\/fra\/wp-content\/uploads\/2017\/10\/Affiche-expo-Bozar-1967.jpg?w=1720&amp;ssl=1 1720w, https:\/\/i0.wp.com\/www.evelyne-axell.info\/fra\/wp-content\/uploads\/2017\/10\/Affiche-expo-Bozar-1967.jpg?w=2580&amp;ssl=1 2580w\" sizes=\"auto, (max-width: 199px) 100vw, 199px\" \/>Parfaitement inspir\u00e9 de l&rsquo;esth\u00e9tique unique d&rsquo;Evelyne Axell et de son importante contribution \u00e0 l&rsquo;histoire de l&rsquo;art des ann\u00e9es 1960, \u00ab\u00a0Store v\u00e9nitien\u00a0\u00bb est sans aucun doute un chef-d&rsquo;\u0153uvre de sa premi\u00e8re p\u00e9riode artistique.<\/p>\n<p><a href=\"http:\/\/www.sothebys.com\/en\/auctions\/ecatalogue\/2017\/contemporary-curated-l17027\/lot.42.html\"><img data-recalc-dims=\"1\" loading=\"lazy\" decoding=\"async\" class=\"alignright wp-image-1094 size-medium\" src=\"https:\/\/i0.wp.com\/www.evelyne-axell.info\/fra\/wp-content\/uploads\/2017\/10\/image001.jpg?resize=200%2C400&#038;ssl=1\" alt=\"Details\" width=\"200\" height=\"400\" srcset=\"https:\/\/i0.wp.com\/www.evelyne-axell.info\/fra\/wp-content\/uploads\/2017\/10\/image001.jpg?resize=200%2C400&amp;ssl=1 200w, https:\/\/i0.wp.com\/www.evelyne-axell.info\/fra\/wp-content\/uploads\/2017\/10\/image001.jpg?resize=75%2C150&amp;ssl=1 75w, https:\/\/i0.wp.com\/www.evelyne-axell.info\/fra\/wp-content\/uploads\/2017\/10\/image001.jpg?w=300&amp;ssl=1 300w\" sizes=\"auto, (max-width: 200px) 100vw, 200px\" \/><\/a>Il est maintenant propos\u00e9 \u00e0 la vente par Sotheby&rsquo;s pour la quatri\u00e8me \u00e9dition de Contemporary Curated in London, qui r\u00e9unit une gamme vari\u00e9e d&rsquo;artistes contemporains et de l&rsquo;apr\u00e8s-guerre, sous la direction de Caroline Issa, directrice de la mode et PDG de Tank Magazine, et figure en couverture du catalogue.<\/p>\n<p><a href=\"http:\/\/www.sothebys.com\/en\/auctions\/ecatalogue\/2017\/contemporary-curated-l17027\/lot.42.html\">Plus d&rsquo;informations.<\/a><\/p>\n<p>&nbsp;<\/p>\n<p><em>Contemporary Curated<\/em><br \/>\n<em> 21 November 2017 | 10:30 AM GMT | London<\/em><\/p>\n<p><em>Sotheby\u2019s<\/em><br \/>\n<em> 34-35 New Bond Street<\/em><br \/>\n<em> London W1S 2RT UK<\/em><\/p>\n<p><em>Tel: +44 20 7293 5000<\/em><\/p>\n","protected":false},"excerpt":{"rendered":"<p>\u00ab&nbsp;Store v\u00e9nitien&nbsp;\u00bb, une \u0153uvre exceptionnelle en vente \u00e0 Londres. &nbsp; En janvier 1967 Evelyne Axell expose pour la premi\u00e8re fois au prestigieux Palais des Beaux-Arts de Bruxelles (aujourd&rsquo;hui BoZar). Une tr\u00e8s courte exposition qui dure moins de deux semaines, mais <a class=\"more-link\" href=\"https:\/\/www.evelyne-axell.info\/fra\/2017\/10\/27\/axell-pour-la-premiere-fois-chez-sothebys\/\">Lire la suite&#8230;<\/a><\/p>\n","protected":false},"author":1,"featured_media":1096,"comment_status":"closed","ping_status":"closed","sticky":false,"template":"","format":"standard","meta":{"ngg_post_thumbnail":0,"_jetpack_memberships_contains_paid_content":false,"footnotes":""},"categories":[3,4],"tags":[],"class_list":["post-1090","post","type-post","status-publish","format-standard","has-post-thumbnail","hentry","category-evenements","category-expo"],"jetpack_featured_media_url":"https:\/\/i0.wp.com\/www.evelyne-axell.info\/fra\/wp-content\/uploads\/2017\/10\/s-Sothebys-cover.jpg?fit=511%2C354&ssl=1","jetpack_sharing_enabled":true,"_links":{"self":[{"href":"https:\/\/www.evelyne-axell.info\/fra\/wp-json\/wp\/v2\/posts\/1090","targetHints":{"allow":["GET"]}}],"collection":[{"href":"https:\/\/www.evelyne-axell.info\/fra\/wp-json\/wp\/v2\/posts"}],"about":[{"href":"https:\/\/www.evelyne-axell.info\/fra\/wp-json\/wp\/v2\/types\/post"}],"author":[{"embeddable":true,"href":"https:\/\/www.evelyne-axell.info\/fra\/wp-json\/wp\/v2\/users\/1"}],"replies":[{"embeddable":true,"href":"https:\/\/www.evelyne-axell.info\/fra\/wp-json\/wp\/v2\/comments?post=1090"}],"version-history":[{"count":3,"href":"https:\/\/www.evelyne-axell.info\/fra\/wp-json\/wp\/v2\/posts\/1090\/revisions"}],"predecessor-version":[{"id":1098,"href":"https:\/\/www.evelyne-axell.info\/fra\/wp-json\/wp\/v2\/posts\/1090\/revisions\/1098"}],"wp:featuredmedia":[{"embeddable":true,"href":"https:\/\/www.evelyne-axell.info\/fra\/wp-json\/wp\/v2\/media\/1096"}],"wp:attachment":[{"href":"https:\/\/www.evelyne-axell.info\/fra\/wp-json\/wp\/v2\/media?parent=1090"}],"wp:term":[{"taxonomy":"category","embeddable":true,"href":"https:\/\/www.evelyne-axell.info\/fra\/wp-json\/wp\/v2\/categories?post=1090"},{"taxonomy":"post_tag","embeddable":true,"href":"https:\/\/www.evelyne-axell.info\/fra\/wp-json\/wp\/v2\/tags?post=1090"}],"curies":[{"name":"wp","href":"https:\/\/api.w.org\/{rel}","templated":true}]}}