{"id":1085,"date":"2017-10-18T18:55:05","date_gmt":"2017-10-18T16:55:05","guid":{"rendered":"http:\/\/www.evelyne-axell.info\/fra\/?p=1085"},"modified":"2017-11-04T19:15:55","modified_gmt":"2017-11-04T18:15:55","slug":"une-oeuvre-inedite-au-musee-dixelles","status":"publish","type":"post","link":"https:\/\/www.evelyne-axell.info\/fra\/2017\/10\/18\/une-oeuvre-inedite-au-musee-dixelles\/","title":{"rendered":"Une \u0153uvre in\u00e9dite au Mus\u00e9e d\u2019Ixelles."},"content":{"rendered":"<h2>Vingt ans apr\u00e8s la r\u00e9trospective de 1997, Evelyne Axell est de retour au Mus\u00e9e d\u2019Ixelles.<\/h2>\n<p><img data-recalc-dims=\"1\" loading=\"lazy\" decoding=\"async\" class=\"alignnone size-large wp-image-1100\" src=\"https:\/\/i0.wp.com\/www.evelyne-axell.info\/fra\/wp-content\/uploads\/2017\/10\/Ixelles-01.jpg?resize=860%2C458&#038;ssl=1\" alt=\"Ixelles 01\" width=\"860\" height=\"458\" srcset=\"https:\/\/i0.wp.com\/www.evelyne-axell.info\/fra\/wp-content\/uploads\/2017\/10\/Ixelles-01.jpg?resize=1024%2C545&amp;ssl=1 1024w, https:\/\/i0.wp.com\/www.evelyne-axell.info\/fra\/wp-content\/uploads\/2017\/10\/Ixelles-01.jpg?resize=150%2C80&amp;ssl=1 150w, https:\/\/i0.wp.com\/www.evelyne-axell.info\/fra\/wp-content\/uploads\/2017\/10\/Ixelles-01.jpg?resize=752%2C400&amp;ssl=1 752w, https:\/\/i0.wp.com\/www.evelyne-axell.info\/fra\/wp-content\/uploads\/2017\/10\/Ixelles-01.jpg?resize=768%2C408&amp;ssl=1 768w, https:\/\/i0.wp.com\/www.evelyne-axell.info\/fra\/wp-content\/uploads\/2017\/10\/Ixelles-01.jpg?w=1720&amp;ssl=1 1720w, https:\/\/i0.wp.com\/www.evelyne-axell.info\/fra\/wp-content\/uploads\/2017\/10\/Ixelles-01.jpg?w=2580&amp;ssl=1 2580w\" sizes=\"auto, (max-width: 860px) 100vw, 860px\" \/><\/p>\n<p><img data-recalc-dims=\"1\" loading=\"lazy\" decoding=\"async\" class=\"alignleft size-medium wp-image-1088\" src=\"https:\/\/i0.wp.com\/www.evelyne-axell.info\/fra\/wp-content\/uploads\/2017\/10\/RGB-L%C3%A9gocentrique.jpg?resize=300%2C400&#038;ssl=1\" alt=\"L'\u00e9gocentrique\" width=\"300\" height=\"400\" srcset=\"https:\/\/i0.wp.com\/www.evelyne-axell.info\/fra\/wp-content\/uploads\/2017\/10\/RGB-L%C3%A9gocentrique.jpg?resize=300%2C400&amp;ssl=1 300w, https:\/\/i0.wp.com\/www.evelyne-axell.info\/fra\/wp-content\/uploads\/2017\/10\/RGB-L%C3%A9gocentrique.jpg?resize=113%2C150&amp;ssl=1 113w, https:\/\/i0.wp.com\/www.evelyne-axell.info\/fra\/wp-content\/uploads\/2017\/10\/RGB-L%C3%A9gocentrique.jpg?resize=768%2C1024&amp;ssl=1 768w, https:\/\/i0.wp.com\/www.evelyne-axell.info\/fra\/wp-content\/uploads\/2017\/10\/RGB-L%C3%A9gocentrique.jpg?w=1720&amp;ssl=1 1720w, https:\/\/i0.wp.com\/www.evelyne-axell.info\/fra\/wp-content\/uploads\/2017\/10\/RGB-L%C3%A9gocentrique.jpg?w=2580&amp;ssl=1 2580w\" sizes=\"auto, (max-width: 300px) 100vw, 300px\" \/>Pour sa derni\u00e8re exposition avant fermeture pour r\u00e9novation, le Mus\u00e9e d\u2019Ixelles expose quatre \u0153uvres majeures d\u2019Evelyne Axell, dont une n\u2019avait jamais \u00e9t\u00e9 expos\u00e9e depuis sa cr\u00e9ation il y a 50 ans.<\/p>\n<p>Parmi les \u0153uvres expos\u00e9es on peut admirer l\u2019immense \u00ab&nbsp;Grande sortie dans l\u2019espace&nbsp;\u00bb, un tableau translucide de plus de trois m\u00e8tres de large cr\u00e9\u00e9 dans une mati\u00e8re plastique qui n\u2019existe plus, le Clartex.<\/p>\n<p>Egalement expos\u00e9, \u00ab&nbsp;Erotomobile&nbsp;\u00bb, un assemblage d\u2019une toile peinte et d\u2019un v\u00e9ritable pneu de voiture peint en rose fluo.<\/p>\n<p>Mais la grande nouveaut\u00e9 est incontestablement \u00ab&nbsp;L\u2019\u00e9gocentrique&nbsp;\u00bb&nbsp;; une \u0153uvre retrouv\u00e9e en 2016, qui n\u2019avait jamais \u00e9t\u00e9 expos\u00e9e et a \u00e9t\u00e9 restaur\u00e9e cette ann\u00e9e par le sp\u00e9cialiste des \u0153uvres d\u2019Evelyne Axell Claas Hulshoff.<\/p>\n<p>&nbsp;<\/p>\n<p>&nbsp;<\/p>\n<p>&nbsp;<\/p>\n<p><img data-recalc-dims=\"1\" loading=\"lazy\" decoding=\"async\" class=\"alignnone size-large wp-image-1102\" src=\"https:\/\/i0.wp.com\/www.evelyne-axell.info\/fra\/wp-content\/uploads\/2017\/10\/Ixelles-02.jpg?resize=860%2C610&#038;ssl=1\" alt=\"Ixelles 02\" width=\"860\" height=\"610\" srcset=\"https:\/\/i0.wp.com\/www.evelyne-axell.info\/fra\/wp-content\/uploads\/2017\/10\/Ixelles-02.jpg?resize=1024%2C726&amp;ssl=1 1024w, https:\/\/i0.wp.com\/www.evelyne-axell.info\/fra\/wp-content\/uploads\/2017\/10\/Ixelles-02.jpg?resize=150%2C106&amp;ssl=1 150w, https:\/\/i0.wp.com\/www.evelyne-axell.info\/fra\/wp-content\/uploads\/2017\/10\/Ixelles-02.jpg?resize=564%2C400&amp;ssl=1 564w, https:\/\/i0.wp.com\/www.evelyne-axell.info\/fra\/wp-content\/uploads\/2017\/10\/Ixelles-02.jpg?resize=768%2C545&amp;ssl=1 768w, https:\/\/i0.wp.com\/www.evelyne-axell.info\/fra\/wp-content\/uploads\/2017\/10\/Ixelles-02.jpg?w=1720&amp;ssl=1 1720w, https:\/\/i0.wp.com\/www.evelyne-axell.info\/fra\/wp-content\/uploads\/2017\/10\/Ixelles-02.jpg?w=2580&amp;ssl=1 2580w\" sizes=\"auto, (max-width: 860px) 100vw, 860px\" \/><\/p>\n<p><em>Du 18 octobre 2017 au 4 f\u00e9vrier 2018.<\/em><\/p>\n<p><em>Mus\u00e9e d\u2019Ixelles<\/em><br \/>\n<em> 71, rue Jean Van Volsem<\/em><br \/>\n<em> 1050 Bruxelles<\/em><\/p>\n<p><em>+32 (0)2 515 64 21<\/em><\/p>\n<p>&nbsp;<\/p>\n<p>&nbsp;<\/p>\n","protected":false},"excerpt":{"rendered":"<p>Vingt ans apr\u00e8s la r\u00e9trospective de 1997, Evelyne Axell est de retour au Mus\u00e9e d\u2019Ixelles. Pour sa derni\u00e8re exposition avant fermeture pour r\u00e9novation, le Mus\u00e9e d\u2019Ixelles expose quatre \u0153uvres majeures d\u2019Evelyne Axell, dont une n\u2019avait jamais \u00e9t\u00e9 expos\u00e9e depuis sa <a class=\"more-link\" href=\"https:\/\/www.evelyne-axell.info\/fra\/2017\/10\/18\/une-oeuvre-inedite-au-musee-dixelles\/\">Lire la suite&#8230;<\/a><\/p>\n","protected":false},"author":1,"featured_media":1086,"comment_status":"closed","ping_status":"closed","sticky":false,"template":"","format":"standard","meta":{"ngg_post_thumbnail":0,"_jetpack_memberships_contains_paid_content":false,"footnotes":""},"categories":[4],"tags":[],"class_list":["post-1085","post","type-post","status-publish","format-standard","has-post-thumbnail","hentry","category-expo"],"jetpack_featured_media_url":"https:\/\/i0.wp.com\/www.evelyne-axell.info\/fra\/wp-content\/uploads\/2017\/10\/L%C3%A9gocentrique.jpg?fit=2328%2C1564&ssl=1","jetpack_sharing_enabled":true,"_links":{"self":[{"href":"https:\/\/www.evelyne-axell.info\/fra\/wp-json\/wp\/v2\/posts\/1085","targetHints":{"allow":["GET"]}}],"collection":[{"href":"https:\/\/www.evelyne-axell.info\/fra\/wp-json\/wp\/v2\/posts"}],"about":[{"href":"https:\/\/www.evelyne-axell.info\/fra\/wp-json\/wp\/v2\/types\/post"}],"author":[{"embeddable":true,"href":"https:\/\/www.evelyne-axell.info\/fra\/wp-json\/wp\/v2\/users\/1"}],"replies":[{"embeddable":true,"href":"https:\/\/www.evelyne-axell.info\/fra\/wp-json\/wp\/v2\/comments?post=1085"}],"version-history":[{"count":3,"href":"https:\/\/www.evelyne-axell.info\/fra\/wp-json\/wp\/v2\/posts\/1085\/revisions"}],"predecessor-version":[{"id":1103,"href":"https:\/\/www.evelyne-axell.info\/fra\/wp-json\/wp\/v2\/posts\/1085\/revisions\/1103"}],"wp:featuredmedia":[{"embeddable":true,"href":"https:\/\/www.evelyne-axell.info\/fra\/wp-json\/wp\/v2\/media\/1086"}],"wp:attachment":[{"href":"https:\/\/www.evelyne-axell.info\/fra\/wp-json\/wp\/v2\/media?parent=1085"}],"wp:term":[{"taxonomy":"category","embeddable":true,"href":"https:\/\/www.evelyne-axell.info\/fra\/wp-json\/wp\/v2\/categories?post=1085"},{"taxonomy":"post_tag","embeddable":true,"href":"https:\/\/www.evelyne-axell.info\/fra\/wp-json\/wp\/v2\/tags?post=1085"}],"curies":[{"name":"wp","href":"https:\/\/api.w.org\/{rel}","templated":true}]}}