{"id":1079,"date":"2017-10-03T17:22:37","date_gmt":"2017-10-03T15:22:37","guid":{"rendered":"http:\/\/www.evelyne-axell.info\/fra\/?p=1079"},"modified":"2017-10-21T17:51:19","modified_gmt":"2017-10-21T15:51:19","slug":"namur-une-fresque-en-hommage-a-evelyne-axell","status":"publish","type":"post","link":"https:\/\/www.evelyne-axell.info\/fra\/2017\/10\/03\/namur-une-fresque-en-hommage-a-evelyne-axell\/","title":{"rendered":"Namur : Une fresque en hommage \u00e0 Evelyne Axell."},"content":{"rendered":"<h2>La silhouette de cette artiste namuroise veille d\u00e9sormais sur l\u2019Acad\u00e9mie des Beaux-Arts.<\/h2>\n<p><img data-recalc-dims=\"1\" loading=\"lazy\" decoding=\"async\" class=\"alignleft size-medium wp-image-1082\" src=\"https:\/\/i0.wp.com\/www.evelyne-axell.info\/fra\/wp-content\/uploads\/2017\/10\/20171003_160402.jpg?resize=300%2C400&#038;ssl=1\" alt=\"fresque\" width=\"300\" height=\"400\" srcset=\"https:\/\/i0.wp.com\/www.evelyne-axell.info\/fra\/wp-content\/uploads\/2017\/10\/20171003_160402.jpg?resize=300%2C400&amp;ssl=1 300w, https:\/\/i0.wp.com\/www.evelyne-axell.info\/fra\/wp-content\/uploads\/2017\/10\/20171003_160402.jpg?resize=113%2C150&amp;ssl=1 113w, https:\/\/i0.wp.com\/www.evelyne-axell.info\/fra\/wp-content\/uploads\/2017\/10\/20171003_160402.jpg?resize=768%2C1024&amp;ssl=1 768w, https:\/\/i0.wp.com\/www.evelyne-axell.info\/fra\/wp-content\/uploads\/2017\/10\/20171003_160402.jpg?w=1720&amp;ssl=1 1720w, https:\/\/i0.wp.com\/www.evelyne-axell.info\/fra\/wp-content\/uploads\/2017\/10\/20171003_160402.jpg?w=2580&amp;ssl=1 2580w\" sizes=\"auto, (max-width: 300px) 100vw, 300px\" \/><\/p>\n<p>N\u00e9e \u00e0 Namur en 1935, Evelyne Axell reste encore peu connue dans sa ville natale. Selon le bourgmestre de Namur, Maxime Pr\u00e9vot <em>\u00ab&nbsp;Il fallait faire quelque chose afin qu\u2019Evelyne Axell ne soit pas connue des seuls amoureux de l\u2019art, mais de tous les Namurois&nbsp;\u00bb<\/em>&nbsp;!<\/p>\n<p>C\u2019est maintenant chose faite gr\u00e2ce \u00e0 cette fresque d\u2019une dizaine de m\u00e8tres de hauteur situ\u00e9e rue du Lombard, face \u00e0 l\u2019Acad\u00e9mie des Beaux-Arts o\u00f9 elle fut \u00e9l\u00e8ve.<\/p>\n<p>Cette fresque tr\u00e8s color\u00e9e a \u00e9t\u00e9 con\u00e7ue par Jean-Fran\u00e7ois Octave, un artiste Bruxellois, et r\u00e9alis\u00e9e par Ania Zuber et Manuel Gonzalez Bustos, \u00e0 partir de diff\u00e9rentes photos dont une prise lors de la premi\u00e8re exposition d\u2019Evelyne Axell au Palais des Beaux-Arts de Bruxelles en 1967 o\u00f9 elle pose devant le tableau \u00ab\u00a0Valentine\u00a0\u00bb, aujourd&rsquo;hui dans les collections de la Tate Modern \u00e0 Londres. <img data-recalc-dims=\"1\" loading=\"lazy\" decoding=\"async\" class=\"alignright size-medium wp-image-1083\" src=\"https:\/\/i0.wp.com\/www.evelyne-axell.info\/fra\/wp-content\/uploads\/2017\/10\/vs-Bozar-1967.jpg?resize=306%2C400&#038;ssl=1\" alt=\"vs Bozar - 1967\" width=\"306\" height=\"400\" srcset=\"https:\/\/i0.wp.com\/www.evelyne-axell.info\/fra\/wp-content\/uploads\/2017\/10\/vs-Bozar-1967.jpg?resize=306%2C400&amp;ssl=1 306w, https:\/\/i0.wp.com\/www.evelyne-axell.info\/fra\/wp-content\/uploads\/2017\/10\/vs-Bozar-1967.jpg?resize=115%2C150&amp;ssl=1 115w, https:\/\/i0.wp.com\/www.evelyne-axell.info\/fra\/wp-content\/uploads\/2017\/10\/vs-Bozar-1967.jpg?resize=768%2C1005&amp;ssl=1 768w, https:\/\/i0.wp.com\/www.evelyne-axell.info\/fra\/wp-content\/uploads\/2017\/10\/vs-Bozar-1967.jpg?resize=782%2C1024&amp;ssl=1 782w, https:\/\/i0.wp.com\/www.evelyne-axell.info\/fra\/wp-content\/uploads\/2017\/10\/vs-Bozar-1967.jpg?w=1286&amp;ssl=1 1286w\" sizes=\"auto, (max-width: 306px) 100vw, 306px\" \/><\/p>\n<p>L\u2019initiative a \u00e9t\u00e9 coordonn\u00e9e par l\u2019asbl Lieux-Communs et financ\u00e9e par la Ville de Namur et la F\u00e9d\u00e9ration Wallonie-Bruxelles.<\/p>\n<p><em>A voir sur le pignon du 61 rue du Lombard \u00e0 Namur. &nbsp;<\/em><\/p>\n","protected":false},"excerpt":{"rendered":"<p>La silhouette de cette artiste namuroise veille d\u00e9sormais sur l\u2019Acad\u00e9mie des Beaux-Arts. N\u00e9e \u00e0 Namur en 1935, Evelyne Axell reste encore peu connue dans sa ville natale. Selon le bourgmestre de Namur, Maxime Pr\u00e9vot \u00ab&nbsp;Il fallait faire quelque chose afin <a class=\"more-link\" href=\"https:\/\/www.evelyne-axell.info\/fra\/2017\/10\/03\/namur-une-fresque-en-hommage-a-evelyne-axell\/\">Lire la suite&#8230;<\/a><\/p>\n","protected":false},"author":1,"featured_media":1081,"comment_status":"closed","ping_status":"closed","sticky":false,"template":"","format":"standard","meta":{"ngg_post_thumbnail":0,"_jetpack_memberships_contains_paid_content":false,"footnotes":""},"categories":[3,4],"tags":[],"class_list":["post-1079","post","type-post","status-publish","format-standard","has-post-thumbnail","hentry","category-evenements","category-expo"],"jetpack_featured_media_url":"https:\/\/i0.wp.com\/www.evelyne-axell.info\/fra\/wp-content\/uploads\/2017\/10\/d%C3%A9tail-fresque.jpg?fit=540%2C430&ssl=1","jetpack_sharing_enabled":true,"_links":{"self":[{"href":"https:\/\/www.evelyne-axell.info\/fra\/wp-json\/wp\/v2\/posts\/1079","targetHints":{"allow":["GET"]}}],"collection":[{"href":"https:\/\/www.evelyne-axell.info\/fra\/wp-json\/wp\/v2\/posts"}],"about":[{"href":"https:\/\/www.evelyne-axell.info\/fra\/wp-json\/wp\/v2\/types\/post"}],"author":[{"embeddable":true,"href":"https:\/\/www.evelyne-axell.info\/fra\/wp-json\/wp\/v2\/users\/1"}],"replies":[{"embeddable":true,"href":"https:\/\/www.evelyne-axell.info\/fra\/wp-json\/wp\/v2\/comments?post=1079"}],"version-history":[{"count":1,"href":"https:\/\/www.evelyne-axell.info\/fra\/wp-json\/wp\/v2\/posts\/1079\/revisions"}],"predecessor-version":[{"id":1084,"href":"https:\/\/www.evelyne-axell.info\/fra\/wp-json\/wp\/v2\/posts\/1079\/revisions\/1084"}],"wp:featuredmedia":[{"embeddable":true,"href":"https:\/\/www.evelyne-axell.info\/fra\/wp-json\/wp\/v2\/media\/1081"}],"wp:attachment":[{"href":"https:\/\/www.evelyne-axell.info\/fra\/wp-json\/wp\/v2\/media?parent=1079"}],"wp:term":[{"taxonomy":"category","embeddable":true,"href":"https:\/\/www.evelyne-axell.info\/fra\/wp-json\/wp\/v2\/categories?post=1079"},{"taxonomy":"post_tag","embeddable":true,"href":"https:\/\/www.evelyne-axell.info\/fra\/wp-json\/wp\/v2\/tags?post=1079"}],"curies":[{"name":"wp","href":"https:\/\/api.w.org\/{rel}","templated":true}]}}