{"id":1070,"date":"2017-07-31T14:06:05","date_gmt":"2017-07-31T12:06:05","guid":{"rendered":"http:\/\/www.evelyne-axell.info\/fra\/?p=1070"},"modified":"2017-07-31T14:17:02","modified_gmt":"2017-07-31T12:17:02","slug":"lesprit-critique-au-s-m-a-k","status":"publish","type":"post","link":"https:\/\/www.evelyne-axell.info\/fra\/2017\/07\/31\/lesprit-critique-au-s-m-a-k\/","title":{"rendered":"\u00ab L\u2019esprit critique \u00bb au S.M.A.K."},"content":{"rendered":"<h2>Le S.M.A.K. c\u00e9l\u00e8bre les 60 ans de l\u2019association \u00e0 l\u2019origine de sa collection.<\/h2>\n<p>Sous l\u2019impulsion de Karel Geirlandt, la \u2018Vereniging voor het Museum van Hedendaagse Kunst\u2019 (Association pour le Mus\u00e9e d\u2019Art contemporain) a \u00e9t\u00e9 cr\u00e9\u00e9e le 8 novembre 1957, avec comme grande ambition de r\u00e9aliser un mus\u00e9e autonome, ax\u00e9 sur les tendances contemporaines dans le monde artistique.<\/p>\n<p><img data-recalc-dims=\"1\" loading=\"lazy\" decoding=\"async\" class=\"alignnone size-large wp-image-1071\" src=\"https:\/\/i0.wp.com\/www.evelyne-axell.info\/fra\/wp-content\/uploads\/2017\/07\/Evelyne-Axell-Esprit-Critique-Olieverf-op-plexiglas-aluminium-en-hout-1970.jpg?resize=860%2C571&#038;ssl=1\" alt=\"Evelyne-Axell-Esprit-Critique-Olieverf-op-plexiglas-aluminium-en-hout-1970\" height=\"571\" width=\"860\" srcset=\"https:\/\/i0.wp.com\/www.evelyne-axell.info\/fra\/wp-content\/uploads\/2017\/07\/Evelyne-Axell-Esprit-Critique-Olieverf-op-plexiglas-aluminium-en-hout-1970.jpg?resize=1024%2C680&amp;ssl=1 1024w, https:\/\/i0.wp.com\/www.evelyne-axell.info\/fra\/wp-content\/uploads\/2017\/07\/Evelyne-Axell-Esprit-Critique-Olieverf-op-plexiglas-aluminium-en-hout-1970.jpg?resize=150%2C100&amp;ssl=1 150w, https:\/\/i0.wp.com\/www.evelyne-axell.info\/fra\/wp-content\/uploads\/2017\/07\/Evelyne-Axell-Esprit-Critique-Olieverf-op-plexiglas-aluminium-en-hout-1970.jpg?resize=602%2C400&amp;ssl=1 602w, https:\/\/i0.wp.com\/www.evelyne-axell.info\/fra\/wp-content\/uploads\/2017\/07\/Evelyne-Axell-Esprit-Critique-Olieverf-op-plexiglas-aluminium-en-hout-1970.jpg?resize=768%2C510&amp;ssl=1 768w, https:\/\/i0.wp.com\/www.evelyne-axell.info\/fra\/wp-content\/uploads\/2017\/07\/Evelyne-Axell-Esprit-Critique-Olieverf-op-plexiglas-aluminium-en-hout-1970.jpg?w=1400&amp;ssl=1 1400w\" sizes=\"auto, (max-width: 860px) 100vw, 860px\" \/><\/p>\n<p>Pour <em>De la Collection | Verlust der Mitte<\/em>, Christoph B\u00fcchel a s\u00e9lectionn\u00e9 des oeuvres d\u2019artistes Cobra, de membres de la Jeune Peinture Belge, de l\u2019\u00e9poque du pop art, de l\u2019art conceptuel et du minimal art et d\u2019Evelyne Axell, Joseph Beuys, Marcel Broodthaers et Panamarenko, quatre artistes-cl\u00e9s de la collection du S.M.A.K. Le titre de l\u2019exposition, Verlust der Mitte, est tir\u00e9 d\u2019une oeuvre d\u2019Asger Jorn de 1958 qui fait partie de la pr\u00e9sentation et renvoie \u00e0 une publication philosophico-culturelle longuement d\u00e9battue de 1948 et qui porte le m\u00eame titre de l\u2019historien de l\u2019art et ancien membre du NSDAP, Hans Sedlmayr.<\/p>\n<p><img data-recalc-dims=\"1\" loading=\"lazy\" decoding=\"async\" class=\"alignleft size-medium wp-image-1072\" src=\"https:\/\/i0.wp.com\/www.evelyne-axell.info\/fra\/wp-content\/uploads\/2017\/07\/Photo-pour-Lesprit-critique-26-04-1969.jpg?resize=316%2C400&#038;ssl=1\" alt=\"Photo pour L'esprit critique - 26-04-1969\" height=\"400\" width=\"316\" srcset=\"https:\/\/i0.wp.com\/www.evelyne-axell.info\/fra\/wp-content\/uploads\/2017\/07\/Photo-pour-Lesprit-critique-26-04-1969.jpg?resize=316%2C400&amp;ssl=1 316w, https:\/\/i0.wp.com\/www.evelyne-axell.info\/fra\/wp-content\/uploads\/2017\/07\/Photo-pour-Lesprit-critique-26-04-1969.jpg?resize=118%2C150&amp;ssl=1 118w, https:\/\/i0.wp.com\/www.evelyne-axell.info\/fra\/wp-content\/uploads\/2017\/07\/Photo-pour-Lesprit-critique-26-04-1969.jpg?resize=768%2C973&amp;ssl=1 768w, https:\/\/i0.wp.com\/www.evelyne-axell.info\/fra\/wp-content\/uploads\/2017\/07\/Photo-pour-Lesprit-critique-26-04-1969.jpg?resize=808%2C1024&amp;ssl=1 808w, https:\/\/i0.wp.com\/www.evelyne-axell.info\/fra\/wp-content\/uploads\/2017\/07\/Photo-pour-Lesprit-critique-26-04-1969.jpg?w=1720&amp;ssl=1 1720w\" sizes=\"auto, (max-width: 316px) 100vw, 316px\" \/><\/p>\n<p>Le tableau d\u2019Evelyne Axell \u00ab&nbsp;L\u2019esprit critique&nbsp;\u00bb repr\u00e9sente Karel Geirlandt et s\u2019inspire d\u2019une photo prise lors du vernissage de l\u2019exposition AXELL \u00e0 la galerie Foncke \u00e0 Gand le 26 avril 1969.<\/p>\n<p>&nbsp;<\/p>\n<p><em>\u00ab\u00a0De la collection\/Verlust der Mitte\u00a0\u00bb,<\/em><br \/>\n<em>Smak,<\/em><br \/>\n<em>an Hoetplein 1<\/em><br \/>\n<em>B- 9000 Ghent.<\/em><\/p>\n<p><em>Jusqu\u2019au 28 ao\u00fbt.<\/em><\/p>\n","protected":false},"excerpt":{"rendered":"<p>Le S.M.A.K. c\u00e9l\u00e8bre les 60 ans de l\u2019association \u00e0 l\u2019origine de sa collection. Sous l\u2019impulsion de Karel Geirlandt, la \u2018Vereniging voor het Museum van Hedendaagse Kunst\u2019 (Association pour le Mus\u00e9e d\u2019Art contemporain) a \u00e9t\u00e9 cr\u00e9\u00e9e le 8 novembre 1957, avec <a class=\"more-link\" href=\"https:\/\/www.evelyne-axell.info\/fra\/2017\/07\/31\/lesprit-critique-au-s-m-a-k\/\">Lire la suite&#8230;<\/a><\/p>\n","protected":false},"author":1,"featured_media":1075,"comment_status":"closed","ping_status":"closed","sticky":false,"template":"","format":"standard","meta":{"ngg_post_thumbnail":0,"_jetpack_memberships_contains_paid_content":false,"footnotes":""},"categories":[4],"tags":[],"class_list":["post-1070","post","type-post","status-publish","format-standard","has-post-thumbnail","hentry","category-expo"],"jetpack_featured_media_url":"https:\/\/i0.wp.com\/www.evelyne-axell.info\/fra\/wp-content\/uploads\/2017\/07\/r-RGB-Lesprit-critique-Portrait-de-Karel-Geirlandt.jpg?fit=1354%2C953&ssl=1","jetpack_sharing_enabled":true,"_links":{"self":[{"href":"https:\/\/www.evelyne-axell.info\/fra\/wp-json\/wp\/v2\/posts\/1070","targetHints":{"allow":["GET"]}}],"collection":[{"href":"https:\/\/www.evelyne-axell.info\/fra\/wp-json\/wp\/v2\/posts"}],"about":[{"href":"https:\/\/www.evelyne-axell.info\/fra\/wp-json\/wp\/v2\/types\/post"}],"author":[{"embeddable":true,"href":"https:\/\/www.evelyne-axell.info\/fra\/wp-json\/wp\/v2\/users\/1"}],"replies":[{"embeddable":true,"href":"https:\/\/www.evelyne-axell.info\/fra\/wp-json\/wp\/v2\/comments?post=1070"}],"version-history":[{"count":1,"href":"https:\/\/www.evelyne-axell.info\/fra\/wp-json\/wp\/v2\/posts\/1070\/revisions"}],"predecessor-version":[{"id":1074,"href":"https:\/\/www.evelyne-axell.info\/fra\/wp-json\/wp\/v2\/posts\/1070\/revisions\/1074"}],"wp:featuredmedia":[{"embeddable":true,"href":"https:\/\/www.evelyne-axell.info\/fra\/wp-json\/wp\/v2\/media\/1075"}],"wp:attachment":[{"href":"https:\/\/www.evelyne-axell.info\/fra\/wp-json\/wp\/v2\/media?parent=1070"}],"wp:term":[{"taxonomy":"category","embeddable":true,"href":"https:\/\/www.evelyne-axell.info\/fra\/wp-json\/wp\/v2\/categories?post=1070"},{"taxonomy":"post_tag","embeddable":true,"href":"https:\/\/www.evelyne-axell.info\/fra\/wp-json\/wp\/v2\/tags?post=1070"}],"curies":[{"name":"wp","href":"https:\/\/api.w.org\/{rel}","templated":true}]}}