{"id":1060,"date":"2017-04-27T13:47:04","date_gmt":"2017-04-27T11:47:04","guid":{"rendered":"http:\/\/www.evelyne-axell.info\/fra\/?p=1060"},"modified":"2017-05-12T13:47:58","modified_gmt":"2017-05-12T11:47:58","slug":"un-dessin-inedit-expose-a-gand","status":"publish","type":"post","link":"https:\/\/www.evelyne-axell.info\/fra\/2017\/04\/27\/un-dessin-inedit-expose-a-gand\/","title":{"rendered":"Un dessin in\u00e9dit expos\u00e9 \u00e0 Gand."},"content":{"rendered":"<h2>Evelyne Axell \u00e9tait membre fondatrice du Comit\u00e9 Angela Davis Belge.<\/h2>\n<p>&nbsp;<\/p>\n<p>KIOSK et KASK \/ School of the Arts Gent organisent &nbsp;une exposition \/ \u00e9v\u00e9nement&nbsp; du 27 avril au 16 juin 2017 sur le th\u00e8me du f\u00e9minisme transnational.<\/p>\n<p>A cette occasion une \u0153uvre totalement in\u00e9dite et r\u00e9cemment re-d\u00e9couverte intitul\u00e9e \u00ab&nbsp;Black is beautiful&nbsp;\u00bb est expos\u00e9e pour la premi\u00e8re fois. Cette \u0153uvre est en fait le projet d\u2019un tableau qu\u2019Evelyne Axell n\u2019aura jamais le temps de r\u00e9aliser. Ce tableau fait r\u00e9f\u00e9rence \u00e0 la militante noire am\u00e9ricaine Angela Davis.<\/p>\n<p><img data-recalc-dims=\"1\" loading=\"lazy\" decoding=\"async\" class=\"alignleft size-medium wp-image-1063\" src=\"https:\/\/i0.wp.com\/www.evelyne-axell.info\/fra\/wp-content\/uploads\/2017\/05\/r-Black-is-beatiful.jpg?resize=300%2C400&#038;ssl=1\" alt=\"\" width=\"300\" height=\"400\" srcset=\"https:\/\/i0.wp.com\/www.evelyne-axell.info\/fra\/wp-content\/uploads\/2017\/05\/r-Black-is-beatiful.jpg?resize=300%2C400&amp;ssl=1 300w, https:\/\/i0.wp.com\/www.evelyne-axell.info\/fra\/wp-content\/uploads\/2017\/05\/r-Black-is-beatiful.jpg?resize=113%2C150&amp;ssl=1 113w, https:\/\/i0.wp.com\/www.evelyne-axell.info\/fra\/wp-content\/uploads\/2017\/05\/r-Black-is-beatiful.jpg?resize=768%2C1023&amp;ssl=1 768w, https:\/\/i0.wp.com\/www.evelyne-axell.info\/fra\/wp-content\/uploads\/2017\/05\/r-Black-is-beatiful.jpg?resize=769%2C1024&amp;ssl=1 769w, https:\/\/i0.wp.com\/www.evelyne-axell.info\/fra\/wp-content\/uploads\/2017\/05\/r-Black-is-beatiful.jpg?w=1860&amp;ssl=1 1860w, https:\/\/i0.wp.com\/www.evelyne-axell.info\/fra\/wp-content\/uploads\/2017\/05\/r-Black-is-beatiful.jpg?w=1720&amp;ssl=1 1720w\" sizes=\"auto, (max-width: 300px) 100vw, 300px\" \/><\/p>\n<p>\u00ab&nbsp;Show Me Your Archive and I Will Tell You Who is in Power&nbsp;\u00bb se compose d\u2019une exposition et d\u2019un programme public de conf\u00e9rences, tables rondes, performances et projections de films. Le projet r\u00e9unit des r\u00e9cits du combat f\u00e9ministe ; des questions de race, de genre et de classe sont \u00e9clair\u00e9es \u00e0 partir de la pens\u00e9e dite intersectionnelle, une approche qui met en lumi\u00e8re la convergence de diff\u00e9rentes formes de discrimination et la dynamique qui en d\u00e9coule. Le titre du projet fait r\u00e9f\u00e9rence \u00e0 une conf\u00e9rence \u00e9ponyme qu\u2019a donn\u00e9e en 2009 par Gloria Wekker, l\u2019intellectuelle surinamo-n\u00e9erlandaise renomm\u00e9e, une valeur confirm\u00e9e du discours f\u00e9ministe transnational et noir europ\u00e9en.<\/p>\n<p>Show Me Your Archive and I Will Tell You Who is in Power tente de regarder au-del\u00e0 du f\u00e9minisme occidental et de tracer les origines du f\u00e9minisme transnational et intersectionnelle en Belgique et \u00e0 l&rsquo;\u00e9tranger. Le point de d\u00e9part de la recherche se situe \u00e0 l\u2019Acad\u00e9mie de Gand dirig\u00e9e de 1989 \u00e0 1996 par l\u2019historienne de l\u2019art Chantal De Smet, la premi\u00e8re (et jusqu\u2019\u00e0 pr\u00e9sent seule) femme \u00e0 avoir dirig\u00e9 une \u00e9cole d\u2019art en Flandre. Au d\u00e9but des ann\u00e9es 70, De Smet \u00e9tait une figure de proue des Dolle Mina\u2019s, l\u2019une des premi\u00e8res initiatives de la deuxi\u00e8me vague du f\u00e9minisme en Flandre. Elle \u00e9tait en outre la force motrice du Comit\u00e9 Angela Davis belge dont Evelyne Axell faisait partie.<\/p>\n<p><em>KIOSK<\/em><br \/>\n<em>Louis Pasteurlaan 2<img data-recalc-dims=\"1\" loading=\"lazy\" decoding=\"async\" class=\"alignright size-thumbnail wp-image-1064\" src=\"https:\/\/i0.wp.com\/www.evelyne-axell.info\/fra\/wp-content\/uploads\/2017\/05\/Angela_davis_Button.jpg?resize=150%2C141&#038;ssl=1\" alt=\"\" width=\"150\" height=\"141\" srcset=\"https:\/\/i0.wp.com\/www.evelyne-axell.info\/fra\/wp-content\/uploads\/2017\/05\/Angela_davis_Button.jpg?resize=150%2C141&amp;ssl=1 150w, https:\/\/i0.wp.com\/www.evelyne-axell.info\/fra\/wp-content\/uploads\/2017\/05\/Angela_davis_Button.jpg?resize=427%2C400&amp;ssl=1 427w, https:\/\/i0.wp.com\/www.evelyne-axell.info\/fra\/wp-content\/uploads\/2017\/05\/Angela_davis_Button.jpg?w=640&amp;ssl=1 640w\" sizes=\"auto, (max-width: 150px) 100vw, 150px\" \/><\/em><br \/>\n<em>9000 Ghent, Belgium<\/em><\/p>\n<p><em>http:\/\/<a href=\"http:\/\/www.kioskgallery.be\/showmeyourarchive\">www.kioskgallery.be\/showmeyourarchive<\/a><\/em><\/p>\n","protected":false},"excerpt":{"rendered":"<p>Evelyne Axell \u00e9tait membre fondatrice du Comit\u00e9 Angela Davis Belge. &nbsp; KIOSK et KASK \/ School of the Arts Gent organisent &nbsp;une exposition \/ \u00e9v\u00e9nement&nbsp; du 27 avril au 16 juin 2017 sur le th\u00e8me du f\u00e9minisme transnational. A cette <a class=\"more-link\" href=\"https:\/\/www.evelyne-axell.info\/fra\/2017\/04\/27\/un-dessin-inedit-expose-a-gand\/\">Lire la suite&#8230;<\/a><\/p>\n","protected":false},"author":1,"featured_media":1062,"comment_status":"closed","ping_status":"closed","sticky":false,"template":"","format":"standard","meta":{"ngg_post_thumbnail":0,"_jetpack_memberships_contains_paid_content":false,"footnotes":""},"categories":[4],"tags":[],"class_list":["post-1060","post","type-post","status-publish","format-standard","has-post-thumbnail","hentry","category-expo"],"jetpack_featured_media_url":"https:\/\/i0.wp.com\/www.evelyne-axell.info\/fra\/wp-content\/uploads\/2017\/05\/D%C3%A9tail.jpg?fit=2685%2C1450&ssl=1","jetpack_sharing_enabled":true,"_links":{"self":[{"href":"https:\/\/www.evelyne-axell.info\/fra\/wp-json\/wp\/v2\/posts\/1060","targetHints":{"allow":["GET"]}}],"collection":[{"href":"https:\/\/www.evelyne-axell.info\/fra\/wp-json\/wp\/v2\/posts"}],"about":[{"href":"https:\/\/www.evelyne-axell.info\/fra\/wp-json\/wp\/v2\/types\/post"}],"author":[{"embeddable":true,"href":"https:\/\/www.evelyne-axell.info\/fra\/wp-json\/wp\/v2\/users\/1"}],"replies":[{"embeddable":true,"href":"https:\/\/www.evelyne-axell.info\/fra\/wp-json\/wp\/v2\/comments?post=1060"}],"version-history":[{"count":3,"href":"https:\/\/www.evelyne-axell.info\/fra\/wp-json\/wp\/v2\/posts\/1060\/revisions"}],"predecessor-version":[{"id":1068,"href":"https:\/\/www.evelyne-axell.info\/fra\/wp-json\/wp\/v2\/posts\/1060\/revisions\/1068"}],"wp:featuredmedia":[{"embeddable":true,"href":"https:\/\/www.evelyne-axell.info\/fra\/wp-json\/wp\/v2\/media\/1062"}],"wp:attachment":[{"href":"https:\/\/www.evelyne-axell.info\/fra\/wp-json\/wp\/v2\/media?parent=1060"}],"wp:term":[{"taxonomy":"category","embeddable":true,"href":"https:\/\/www.evelyne-axell.info\/fra\/wp-json\/wp\/v2\/categories?post=1060"},{"taxonomy":"post_tag","embeddable":true,"href":"https:\/\/www.evelyne-axell.info\/fra\/wp-json\/wp\/v2\/tags?post=1060"}],"curies":[{"name":"wp","href":"https:\/\/api.w.org\/{rel}","templated":true}]}}