{"id":1037,"date":"2016-11-01T13:29:47","date_gmt":"2016-11-01T12:29:47","guid":{"rendered":"http:\/\/www.evelyne-axell.info\/fra\/?p=1037"},"modified":"2016-11-02T13:31:03","modified_gmt":"2016-11-02T12:31:03","slug":"restauration-de-la-tombe-develyne-axell","status":"publish","type":"post","link":"https:\/\/www.evelyne-axell.info\/fra\/2016\/11\/01\/restauration-de-la-tombe-develyne-axell\/","title":{"rendered":"Restauration de la tombe d\u2019Evelyne Axell."},"content":{"rendered":"<h2>Apr\u00e8s plus de 40 ans cette tombe exceptionnelle avait fort souffert des intemp\u00e9ries et de la pollution.<\/h2>\n<p>&nbsp;<\/p>\n<p><img data-recalc-dims=\"1\" loading=\"lazy\" decoding=\"async\" class=\"alignnone size-large wp-image-1039\" src=\"https:\/\/i0.wp.com\/www.evelyne-axell.info\/fra\/wp-content\/uploads\/2016\/11\/Avant-apr%C3%A8s.jpg?resize=860%2C638&#038;ssl=1\" alt=\"avant-apres\" width=\"860\" height=\"638\" srcset=\"https:\/\/i0.wp.com\/www.evelyne-axell.info\/fra\/wp-content\/uploads\/2016\/11\/Avant-apr%C3%A8s.jpg?resize=1024%2C760&amp;ssl=1 1024w, https:\/\/i0.wp.com\/www.evelyne-axell.info\/fra\/wp-content\/uploads\/2016\/11\/Avant-apr%C3%A8s.jpg?resize=150%2C111&amp;ssl=1 150w, https:\/\/i0.wp.com\/www.evelyne-axell.info\/fra\/wp-content\/uploads\/2016\/11\/Avant-apr%C3%A8s.jpg?resize=539%2C400&amp;ssl=1 539w, https:\/\/i0.wp.com\/www.evelyne-axell.info\/fra\/wp-content\/uploads\/2016\/11\/Avant-apr%C3%A8s.jpg?resize=768%2C570&amp;ssl=1 768w, https:\/\/i0.wp.com\/www.evelyne-axell.info\/fra\/wp-content\/uploads\/2016\/11\/Avant-apr%C3%A8s.jpg?w=2021&amp;ssl=1 2021w, https:\/\/i0.wp.com\/www.evelyne-axell.info\/fra\/wp-content\/uploads\/2016\/11\/Avant-apr%C3%A8s.jpg?w=1720&amp;ssl=1 1720w\" sizes=\"auto, (max-width: 860px) 100vw, 860px\" \/><\/p>\n<p>Lors de son d\u00e9c\u00e8s accidentel en 1972, Evelyne Axell fut provisoirement inhum\u00e9e dans le caveau familial d\u2019un ami de son mari Jean Antoine. Ce n\u2019est que deux ans plus tard qu\u2019elle put enfin reposer dans sa propre tombe recouverte d\u2019une pierre tombale tout \u00e0 fait particuli\u00e8re car fabriqu\u00e9e en mati\u00e8re plastique. Le dessin est une reproduction stylis\u00e9e du tableau \u00ab\u00a0Le peintre\u00a0\u00bb d&rsquo;Evelyne Axell.<\/p>\n<p>Mais au fil du temps le plastique blanc s\u2019\u00e9tait \u00e9rod\u00e9 et d\u00e9t\u00e9rior\u00e9 et le dessin au trait rouge estomp\u00e9 jusqu\u2019\u00e0 pratiquement disparaitre.\u00a0 Une restauration particuli\u00e8rement d\u00e9licate s\u2019imposait.<\/p>\n<p><img data-recalc-dims=\"1\" loading=\"lazy\" decoding=\"async\" class=\"alignnone size-large wp-image-1040\" src=\"https:\/\/i0.wp.com\/www.evelyne-axell.info\/fra\/wp-content\/uploads\/2016\/11\/Pop-00197.jpg?resize=860%2C488&#038;ssl=1\" alt=\"pop-00197\" width=\"860\" height=\"488\" srcset=\"https:\/\/i0.wp.com\/www.evelyne-axell.info\/fra\/wp-content\/uploads\/2016\/11\/Pop-00197.jpg?resize=1024%2C581&amp;ssl=1 1024w, https:\/\/i0.wp.com\/www.evelyne-axell.info\/fra\/wp-content\/uploads\/2016\/11\/Pop-00197.jpg?resize=150%2C85&amp;ssl=1 150w, https:\/\/i0.wp.com\/www.evelyne-axell.info\/fra\/wp-content\/uploads\/2016\/11\/Pop-00197.jpg?resize=705%2C400&amp;ssl=1 705w, https:\/\/i0.wp.com\/www.evelyne-axell.info\/fra\/wp-content\/uploads\/2016\/11\/Pop-00197.jpg?resize=768%2C436&amp;ssl=1 768w, https:\/\/i0.wp.com\/www.evelyne-axell.info\/fra\/wp-content\/uploads\/2016\/11\/Pop-00197.jpg?w=1920&amp;ssl=1 1920w, https:\/\/i0.wp.com\/www.evelyne-axell.info\/fra\/wp-content\/uploads\/2016\/11\/Pop-00197.jpg?w=1720&amp;ssl=1 1720w\" sizes=\"auto, (max-width: 860px) 100vw, 860px\" \/><\/p>\n<p>Depuis 10 ans le restaurateur d\u2019art Claas Hulshoff s\u2019est sp\u00e9cialis\u00e9 dans la restauration des \u0153uvres d\u2019Evelyne Axell, un travail tr\u00e8s sp\u00e9cifique vu le grand nombre de mati\u00e8res plastiques diff\u00e9rentes utilis\u00e9es par l\u2019artiste, dont certaines ne sont plus fabriqu\u00e9es de nos jours.<\/p>\n<p>C\u2019est donc \u00e0 Claas Hulshoff et son \u00e9quipe compos\u00e9e de Christine Bertrandet G\u00e9raldine Van Overstraeten que fut confi\u00e9e la t\u00e2che de restaurer et prot\u00e9ger la tombe.<\/p>\n<p><img data-recalc-dims=\"1\" loading=\"lazy\" decoding=\"async\" class=\"alignnone size-large wp-image-1041\" src=\"https:\/\/i0.wp.com\/www.evelyne-axell.info\/fra\/wp-content\/uploads\/2016\/11\/Pop-00194.jpg?resize=860%2C488&#038;ssl=1\" alt=\"pop-00194\" width=\"860\" height=\"488\" srcset=\"https:\/\/i0.wp.com\/www.evelyne-axell.info\/fra\/wp-content\/uploads\/2016\/11\/Pop-00194.jpg?resize=1024%2C581&amp;ssl=1 1024w, https:\/\/i0.wp.com\/www.evelyne-axell.info\/fra\/wp-content\/uploads\/2016\/11\/Pop-00194.jpg?resize=150%2C85&amp;ssl=1 150w, https:\/\/i0.wp.com\/www.evelyne-axell.info\/fra\/wp-content\/uploads\/2016\/11\/Pop-00194.jpg?resize=705%2C400&amp;ssl=1 705w, https:\/\/i0.wp.com\/www.evelyne-axell.info\/fra\/wp-content\/uploads\/2016\/11\/Pop-00194.jpg?resize=768%2C436&amp;ssl=1 768w, https:\/\/i0.wp.com\/www.evelyne-axell.info\/fra\/wp-content\/uploads\/2016\/11\/Pop-00194.jpg?w=1920&amp;ssl=1 1920w, https:\/\/i0.wp.com\/www.evelyne-axell.info\/fra\/wp-content\/uploads\/2016\/11\/Pop-00194.jpg?w=1720&amp;ssl=1 1720w\" sizes=\"auto, (max-width: 860px) 100vw, 860px\" \/><\/p>\n<p>L\u2019op\u00e9ration d\u2019est d\u00e9roul\u00e9e en plusieurs phases sur une p\u00e9riode de pr\u00e8s d\u2019un an. Il a d\u2019abord fallu pr\u00e9lever des \u00e9chantillons de la mati\u00e8re plastique de la pierre tombale afin d\u2019en connaitre la composition exacte. Des \u00e9chantillons de la peinture originale utilis\u00e9e pour le dessin ont \u00e9galement \u00e9t\u00e9 pr\u00e9lev\u00e9s pour pouvoir reproduire la teinte originale.<\/p>\n<p><img data-recalc-dims=\"1\" loading=\"lazy\" decoding=\"async\" class=\"alignnone size-large wp-image-1042\" src=\"https:\/\/i0.wp.com\/www.evelyne-axell.info\/fra\/wp-content\/uploads\/2016\/11\/Pop-00203.jpg?resize=860%2C488&#038;ssl=1\" alt=\"pop-00203\" width=\"860\" height=\"488\" srcset=\"https:\/\/i0.wp.com\/www.evelyne-axell.info\/fra\/wp-content\/uploads\/2016\/11\/Pop-00203.jpg?resize=1024%2C581&amp;ssl=1 1024w, https:\/\/i0.wp.com\/www.evelyne-axell.info\/fra\/wp-content\/uploads\/2016\/11\/Pop-00203.jpg?resize=150%2C85&amp;ssl=1 150w, https:\/\/i0.wp.com\/www.evelyne-axell.info\/fra\/wp-content\/uploads\/2016\/11\/Pop-00203.jpg?resize=705%2C400&amp;ssl=1 705w, https:\/\/i0.wp.com\/www.evelyne-axell.info\/fra\/wp-content\/uploads\/2016\/11\/Pop-00203.jpg?resize=768%2C436&amp;ssl=1 768w, https:\/\/i0.wp.com\/www.evelyne-axell.info\/fra\/wp-content\/uploads\/2016\/11\/Pop-00203.jpg?w=1920&amp;ssl=1 1920w, https:\/\/i0.wp.com\/www.evelyne-axell.info\/fra\/wp-content\/uploads\/2016\/11\/Pop-00203.jpg?w=1720&amp;ssl=1 1720w\" sizes=\"auto, (max-width: 860px) 100vw, 860px\" \/><\/p>\n<p>Le plastique blanc a ensuite \u00e9t\u00e9 nettoy\u00e9 et d\u00e9barrass\u00e9 des incrustations dues \u00e0 la pollution. Le dessin a \u00e9t\u00e9 repeint avec une peinture particuli\u00e8rement r\u00e9sistante.<\/p>\n<p>Derni\u00e8re \u00e9tape, une couche protectrice transparente a \u00e9t\u00e9 appliqu\u00e9e sur la pierre tombale afin de la prot\u00e9ger et d\u2019en faciliter l\u2019entretien.<\/p>\n<p><img data-recalc-dims=\"1\" loading=\"lazy\" decoding=\"async\" class=\"alignnone size-large wp-image-1043\" src=\"https:\/\/i0.wp.com\/www.evelyne-axell.info\/fra\/wp-content\/uploads\/2016\/11\/Pop-00208.jpg?resize=860%2C488&#038;ssl=1\" alt=\"pop-00208\" width=\"860\" height=\"488\" srcset=\"https:\/\/i0.wp.com\/www.evelyne-axell.info\/fra\/wp-content\/uploads\/2016\/11\/Pop-00208.jpg?resize=1024%2C581&amp;ssl=1 1024w, https:\/\/i0.wp.com\/www.evelyne-axell.info\/fra\/wp-content\/uploads\/2016\/11\/Pop-00208.jpg?resize=150%2C85&amp;ssl=1 150w, https:\/\/i0.wp.com\/www.evelyne-axell.info\/fra\/wp-content\/uploads\/2016\/11\/Pop-00208.jpg?resize=705%2C400&amp;ssl=1 705w, https:\/\/i0.wp.com\/www.evelyne-axell.info\/fra\/wp-content\/uploads\/2016\/11\/Pop-00208.jpg?resize=768%2C436&amp;ssl=1 768w, https:\/\/i0.wp.com\/www.evelyne-axell.info\/fra\/wp-content\/uploads\/2016\/11\/Pop-00208.jpg?w=1920&amp;ssl=1 1920w, https:\/\/i0.wp.com\/www.evelyne-axell.info\/fra\/wp-content\/uploads\/2016\/11\/Pop-00208.jpg?w=1720&amp;ssl=1 1720w\" sizes=\"auto, (max-width: 860px) 100vw, 860px\" \/><\/p>\n<p>&nbsp;<\/p>\n","protected":false},"excerpt":{"rendered":"<p>Apr\u00e8s plus de 40 ans cette tombe exceptionnelle avait fort souffert des intemp\u00e9ries et de la pollution. &nbsp; Lors de son d\u00e9c\u00e8s accidentel en 1972, Evelyne Axell fut provisoirement inhum\u00e9e dans le caveau familial d\u2019un ami de son mari Jean <a class=\"more-link\" href=\"https:\/\/www.evelyne-axell.info\/fra\/2016\/11\/01\/restauration-de-la-tombe-develyne-axell\/\">Lire la suite&#8230;<\/a><\/p>\n","protected":false},"author":1,"featured_media":1038,"comment_status":"closed","ping_status":"closed","sticky":false,"template":"","format":"standard","meta":{"ngg_post_thumbnail":0,"_jetpack_memberships_contains_paid_content":false,"footnotes":""},"categories":[3,4],"tags":[],"class_list":["post-1037","post","type-post","status-publish","format-standard","has-post-thumbnail","hentry","category-evenements","category-expo"],"jetpack_featured_media_url":"https:\/\/i0.wp.com\/www.evelyne-axell.info\/fra\/wp-content\/uploads\/2016\/11\/Pop-00202.jpg?fit=1920%2C1090&ssl=1","jetpack_sharing_enabled":true,"_links":{"self":[{"href":"https:\/\/www.evelyne-axell.info\/fra\/wp-json\/wp\/v2\/posts\/1037","targetHints":{"allow":["GET"]}}],"collection":[{"href":"https:\/\/www.evelyne-axell.info\/fra\/wp-json\/wp\/v2\/posts"}],"about":[{"href":"https:\/\/www.evelyne-axell.info\/fra\/wp-json\/wp\/v2\/types\/post"}],"author":[{"embeddable":true,"href":"https:\/\/www.evelyne-axell.info\/fra\/wp-json\/wp\/v2\/users\/1"}],"replies":[{"embeddable":true,"href":"https:\/\/www.evelyne-axell.info\/fra\/wp-json\/wp\/v2\/comments?post=1037"}],"version-history":[{"count":1,"href":"https:\/\/www.evelyne-axell.info\/fra\/wp-json\/wp\/v2\/posts\/1037\/revisions"}],"predecessor-version":[{"id":1044,"href":"https:\/\/www.evelyne-axell.info\/fra\/wp-json\/wp\/v2\/posts\/1037\/revisions\/1044"}],"wp:featuredmedia":[{"embeddable":true,"href":"https:\/\/www.evelyne-axell.info\/fra\/wp-json\/wp\/v2\/media\/1038"}],"wp:attachment":[{"href":"https:\/\/www.evelyne-axell.info\/fra\/wp-json\/wp\/v2\/media?parent=1037"}],"wp:term":[{"taxonomy":"category","embeddable":true,"href":"https:\/\/www.evelyne-axell.info\/fra\/wp-json\/wp\/v2\/categories?post=1037"},{"taxonomy":"post_tag","embeddable":true,"href":"https:\/\/www.evelyne-axell.info\/fra\/wp-json\/wp\/v2\/tags?post=1037"}],"curies":[{"name":"wp","href":"https:\/\/api.w.org\/{rel}","templated":true}]}}