{"id":1031,"date":"2016-07-17T17:19:30","date_gmt":"2016-07-17T15:19:30","guid":{"rendered":"http:\/\/www.evelyne-axell.info\/fra\/?p=1031"},"modified":"2016-12-26T18:43:12","modified_gmt":"2016-12-26T17:43:12","slug":"evelyne-axell-a-manifesta-11","status":"publish","type":"post","link":"https:\/\/www.evelyne-axell.info\/fra\/2016\/07\/17\/evelyne-axell-a-manifesta-11\/","title":{"rendered":"Evelyne Axell \u00e0 Manifesta 11."},"content":{"rendered":"<h2>Des \u0153uvres d\u2019Evelyne Axell \u00e0 la biennale Manifesta 11 \u00e0 Zurich.<\/h2>\n<p><img data-recalc-dims=\"1\" loading=\"lazy\" decoding=\"async\" class=\"alignnone size-large wp-image-1032\" src=\"https:\/\/i0.wp.com\/www.evelyne-axell.info\/fra\/wp-content\/uploads\/2016\/07\/Manifesta-02.jpg?resize=860%2C645&#038;ssl=1\" alt=\"Manifesta\" width=\"860\" height=\"645\" srcset=\"https:\/\/i0.wp.com\/www.evelyne-axell.info\/fra\/wp-content\/uploads\/2016\/07\/Manifesta-02.jpg?resize=1024%2C768&amp;ssl=1 1024w, https:\/\/i0.wp.com\/www.evelyne-axell.info\/fra\/wp-content\/uploads\/2016\/07\/Manifesta-02.jpg?resize=150%2C113&amp;ssl=1 150w, https:\/\/i0.wp.com\/www.evelyne-axell.info\/fra\/wp-content\/uploads\/2016\/07\/Manifesta-02.jpg?resize=533%2C400&amp;ssl=1 533w, https:\/\/i0.wp.com\/www.evelyne-axell.info\/fra\/wp-content\/uploads\/2016\/07\/Manifesta-02.jpg?resize=768%2C576&amp;ssl=1 768w, https:\/\/i0.wp.com\/www.evelyne-axell.info\/fra\/wp-content\/uploads\/2016\/07\/Manifesta-02.jpg?w=1720&amp;ssl=1 1720w, https:\/\/i0.wp.com\/www.evelyne-axell.info\/fra\/wp-content\/uploads\/2016\/07\/Manifesta-02.jpg?w=2580&amp;ssl=1 2580w\" sizes=\"auto, (max-width: 860px) 100vw, 860px\" \/><\/p>\n<p><em>Du 11\/06 au 18\/09\/2016.<\/em><\/p>\n<p>Manifesta, la biennale europ\u00e9enne nomade d&rsquo;art contemporain, se d\u00e9roule tous les deux ans dans une nouvelle ville europ\u00e9enne. Avec la Biennale de Venise et la documenta de Cassel, elle fait d\u00e9sormais partie des principales manifestations d&rsquo;art au monde.<\/p>\n<p>La Manifesta pr\u00e9sente des artistes, des commissaires et de jeunes experts de l&rsquo;art issus de plus de 40 pays, la d\u00e9marche consistant \u00e0 red\u00e9finir et \u00e0 fa\u00e7onner de nouvelles formes et pratiques artistiques contemporaines traverse les diff\u00e9rentes \u00e9ditions. La ville de Zurich accueille la 11\u00e8me \u00e9dition du 11 juin au 18 septembre 2016.<\/p>\n<p>Parmi les th\u00e8mes de 2016&nbsp;; L&rsquo;art comme deuxi\u00e8me m\u00e9tier&nbsp;!<\/p>\n<p>Comment devient-on artiste ? Une formation acad\u00e9mique et pratique est la voie habituelle, mais il en existe bien d\u2019autres. Des personnes dans diff\u00e9rents contextes professionnels ont rencontr\u00e9 un grand succ\u00e8s dans leur pratique artistique. C\u2019est notamment le cas d\u2019Evelyne Axell qui fut successivement com\u00e9dienne de th\u00e9\u00e2tre, actrice de cin\u00e9ma et pr\u00e9sentatrice de t\u00e9l\u00e9vision avant d\u2019embrasser une carri\u00e8re de peintre dans la mouvance du Pop Art. Ces \u0153uvres r\u00e9v\u00e8lent les cons\u00e9quences sur la production artistique d&rsquo;exp\u00e9riences faites dans une autre profession. Elles attestent que l&rsquo;art n&rsquo;appara\u00eet pas dans une pi\u00e8ce vide et qu&rsquo;un second m\u00e9tier peut s&rsquo;av\u00e9rer \u00eatre un apport profitable pour la pratique artistique. Elles sont \u00e9galement en rupture avec la repr\u00e9sentation romantico-capitaliste, toujours tr\u00e8s r\u00e9pandue, selon laquelle les bon(ne)s artistes devraient pouvoir vivre exclusivement de leur art.<\/p>\n<p>L&rsquo;art comme deuxi\u00e8me m\u00e9tier comprend des \u0153uvres de: Anon. (CN), Fatima Al Qadiri &amp; Khalid Al Gharaballi (KW), Evelyne Axell (BE), Steven Claydon (UK), Vuk \u0106osi\u0107 (SI), Thornton Dial (USA), Buckner Fanning (USA), Kim Gordon (USA), Dieter Meier (CH), Sabine Schlatter (CH), James \u2018Son\u2019 Thomas (USA), Taocheng Wang (NL)<\/p>\n<p>&nbsp;<\/p>\n<p><em>Lo\u0308wenbra\u0308ukunst<\/em><br \/>\n<em>Limmatstrasse 270, <\/em><br \/>\n<em>8005 Zurich<\/em><\/p>\n<p><em>Ve\u2013Me: 11.00\u201320.00 \/ Je: 11.00\u201322.00<\/em><\/p>\n<p><em>Entr\u00e9e gratuite mercredi 18.00\u201320.00<\/em><\/p>\n<p><em>Accessible aux chaises roulantes<\/em><\/p>\n<p>&nbsp;<\/p>\n<h6>Photo: Courtesy of BROADWAY 1602 UPTOWN &amp; HARLEM, New York.<\/h6>\n","protected":false},"excerpt":{"rendered":"<p>Des \u0153uvres d\u2019Evelyne Axell \u00e0 la biennale Manifesta 11 \u00e0 Zurich. Du 11\/06 au 18\/09\/2016. Manifesta, la biennale europ\u00e9enne nomade d&rsquo;art contemporain, se d\u00e9roule tous les deux ans dans une nouvelle ville europ\u00e9enne. Avec la Biennale de Venise et la <a class=\"more-link\" href=\"https:\/\/www.evelyne-axell.info\/fra\/2016\/07\/17\/evelyne-axell-a-manifesta-11\/\">Lire la suite&#8230;<\/a><\/p>\n","protected":false},"author":1,"featured_media":1033,"comment_status":"closed","ping_status":"closed","sticky":false,"template":"","format":"standard","meta":{"ngg_post_thumbnail":0,"_jetpack_memberships_contains_paid_content":false,"footnotes":""},"categories":[4],"tags":[],"class_list":["post-1031","post","type-post","status-publish","format-standard","has-post-thumbnail","hentry","category-expo"],"jetpack_featured_media_url":"https:\/\/i0.wp.com\/www.evelyne-axell.info\/fra\/wp-content\/uploads\/2016\/07\/Manifesta-01.jpg?fit=4032%2C3024&ssl=1","jetpack_sharing_enabled":true,"_links":{"self":[{"href":"https:\/\/www.evelyne-axell.info\/fra\/wp-json\/wp\/v2\/posts\/1031","targetHints":{"allow":["GET"]}}],"collection":[{"href":"https:\/\/www.evelyne-axell.info\/fra\/wp-json\/wp\/v2\/posts"}],"about":[{"href":"https:\/\/www.evelyne-axell.info\/fra\/wp-json\/wp\/v2\/types\/post"}],"author":[{"embeddable":true,"href":"https:\/\/www.evelyne-axell.info\/fra\/wp-json\/wp\/v2\/users\/1"}],"replies":[{"embeddable":true,"href":"https:\/\/www.evelyne-axell.info\/fra\/wp-json\/wp\/v2\/comments?post=1031"}],"version-history":[{"count":3,"href":"https:\/\/www.evelyne-axell.info\/fra\/wp-json\/wp\/v2\/posts\/1031\/revisions"}],"predecessor-version":[{"id":1046,"href":"https:\/\/www.evelyne-axell.info\/fra\/wp-json\/wp\/v2\/posts\/1031\/revisions\/1046"}],"wp:featuredmedia":[{"embeddable":true,"href":"https:\/\/www.evelyne-axell.info\/fra\/wp-json\/wp\/v2\/media\/1033"}],"wp:attachment":[{"href":"https:\/\/www.evelyne-axell.info\/fra\/wp-json\/wp\/v2\/media?parent=1031"}],"wp:term":[{"taxonomy":"category","embeddable":true,"href":"https:\/\/www.evelyne-axell.info\/fra\/wp-json\/wp\/v2\/categories?post=1031"},{"taxonomy":"post_tag","embeddable":true,"href":"https:\/\/www.evelyne-axell.info\/fra\/wp-json\/wp\/v2\/tags?post=1031"}],"curies":[{"name":"wp","href":"https:\/\/api.w.org\/{rel}","templated":true}]}}