{"id":1025,"date":"2016-06-01T16:29:25","date_gmt":"2016-06-01T14:29:25","guid":{"rendered":"http:\/\/www.evelyne-axell.info\/fra\/?p=1025"},"modified":"2016-07-17T16:43:12","modified_gmt":"2016-07-17T14:43:12","slug":"artview4-a-ladam","status":"publish","type":"post","link":"https:\/\/www.evelyne-axell.info\/fra\/2016\/06\/01\/artview4-a-ladam\/","title":{"rendered":"Artview#4 \u00e0 l\u2019ADAM"},"content":{"rendered":"<h2>Evelyne Axell dans l\u2019exposition Artview#4 au Art &amp; Design Atomium Museum (Bruxelles).<\/h2>\n<p><img data-recalc-dims=\"1\" loading=\"lazy\" decoding=\"async\" class=\"alignnone size-large wp-image-1026\" src=\"https:\/\/i0.wp.com\/www.evelyne-axell.info\/fra\/wp-content\/uploads\/2016\/07\/adam.jpg?resize=860%2C573&#038;ssl=1\" alt=\"adam\" width=\"860\" height=\"573\" srcset=\"https:\/\/i0.wp.com\/www.evelyne-axell.info\/fra\/wp-content\/uploads\/2016\/07\/adam.jpg?resize=1024%2C682&amp;ssl=1 1024w, https:\/\/i0.wp.com\/www.evelyne-axell.info\/fra\/wp-content\/uploads\/2016\/07\/adam.jpg?resize=150%2C100&amp;ssl=1 150w, https:\/\/i0.wp.com\/www.evelyne-axell.info\/fra\/wp-content\/uploads\/2016\/07\/adam.jpg?resize=601%2C400&amp;ssl=1 601w, https:\/\/i0.wp.com\/www.evelyne-axell.info\/fra\/wp-content\/uploads\/2016\/07\/adam.jpg?resize=768%2C511&amp;ssl=1 768w, https:\/\/i0.wp.com\/www.evelyne-axell.info\/fra\/wp-content\/uploads\/2016\/07\/adam.jpg?w=1803&amp;ssl=1 1803w, https:\/\/i0.wp.com\/www.evelyne-axell.info\/fra\/wp-content\/uploads\/2016\/07\/adam.jpg?w=1720&amp;ssl=1 1720w\" sizes=\"auto, (max-width: 860px) 100vw, 860px\" \/><\/p>\n<p><em>Du 21\/04 au 4\/09\/2016<\/em><\/p>\n<p>Dans le cadre de Art Brussels, Artview invite chaque ann\u00e9e un amateur d\u2019art contemporain \u00e0 pr\u00e9senter ses \u0153uvres. Plut\u00f4t qu&rsquo;une exposition, Artview est une rencontre artistique au cours de laquelle le visiteur est invit\u00e9 \u00e0 comprendre la fa\u00e7on dont se constitue une collection, mais aussi ce qui fait sa coh\u00e9rence et sa singularit\u00e9.<\/p>\n<p><img data-recalc-dims=\"1\" loading=\"lazy\" decoding=\"async\" class=\"alignleft size-medium wp-image-1027\" src=\"https:\/\/i0.wp.com\/www.evelyne-axell.info\/fra\/wp-content\/uploads\/2016\/07\/Ice-Cream-2.jpg?resize=393%2C400&#038;ssl=1\" alt=\"Ice Cream 2\" width=\"393\" height=\"400\" srcset=\"https:\/\/i0.wp.com\/www.evelyne-axell.info\/fra\/wp-content\/uploads\/2016\/07\/Ice-Cream-2.jpg?resize=393%2C400&amp;ssl=1 393w, https:\/\/i0.wp.com\/www.evelyne-axell.info\/fra\/wp-content\/uploads\/2016\/07\/Ice-Cream-2.jpg?resize=147%2C150&amp;ssl=1 147w, https:\/\/i0.wp.com\/www.evelyne-axell.info\/fra\/wp-content\/uploads\/2016\/07\/Ice-Cream-2.jpg?w=589&amp;ssl=1 589w\" sizes=\"auto, (max-width: 393px) 100vw, 393px\" \/><\/p>\n<p>Cette ann\u00e9e, Artview expose une collection priv\u00e9e qui se concentre essentiellement sur la Figuration narrative, le Nouveau R\u00e9alisme et le Pop Art europ\u00e9en. Ces trois courants artistiques ont pour point commun de porter un regard critique sur leur temps, une attitude qui est la ligne directrice de cette collection.<\/p>\n<p>Artview#4 d\u00e9voile des \u0153uvres de C\u00e9sar, Christian Babou, G\u00e9rard Deschamps, Raymond Haines, Alain Jacquet, Jean Pierre Raynaud, Peter Saul, Daniel Spoerri, Herv\u00e9 T\u00e9l\u00e9maque, Jacques Villegl\u00e9 et d&rsquo;Evelyne Axell.<\/p>\n<p>&nbsp;<\/p>\n<h5><em>Art &amp; Design Atomium Museum<\/em><\/h5>\n<h5><em>Place de Belgique 1,\u00a0<\/em><\/h5>\n<h5><em>1020 Bruxelles,\u00a0<\/em><\/h5>\n<h5><em>+32 2 669 49 29<\/em><\/h5>\n<h5><em>www.adamuseum.be<\/em><\/h5>\n","protected":false},"excerpt":{"rendered":"<p>Evelyne Axell dans l\u2019exposition Artview#4 au Art &amp; Design Atomium Museum (Bruxelles). Du 21\/04 au 4\/09\/2016 Dans le cadre de Art Brussels, Artview invite chaque ann\u00e9e un amateur d\u2019art contemporain \u00e0 pr\u00e9senter ses \u0153uvres. Plut\u00f4t qu&rsquo;une exposition, Artview est une <a class=\"more-link\" href=\"https:\/\/www.evelyne-axell.info\/fra\/2016\/06\/01\/artview4-a-ladam\/\">Lire la suite&#8230;<\/a><\/p>\n","protected":false},"author":1,"featured_media":1028,"comment_status":"closed","ping_status":"closed","sticky":false,"template":"","format":"standard","meta":{"ngg_post_thumbnail":0,"_jetpack_memberships_contains_paid_content":false,"footnotes":""},"categories":[4],"tags":[],"class_list":["post-1025","post","type-post","status-publish","format-standard","has-post-thumbnail","hentry","category-expo"],"jetpack_featured_media_url":"https:\/\/i0.wp.com\/www.evelyne-axell.info\/fra\/wp-content\/uploads\/2016\/07\/Adam-2.jpg?fit=769%2C468&ssl=1","jetpack_sharing_enabled":true,"_links":{"self":[{"href":"https:\/\/www.evelyne-axell.info\/fra\/wp-json\/wp\/v2\/posts\/1025","targetHints":{"allow":["GET"]}}],"collection":[{"href":"https:\/\/www.evelyne-axell.info\/fra\/wp-json\/wp\/v2\/posts"}],"about":[{"href":"https:\/\/www.evelyne-axell.info\/fra\/wp-json\/wp\/v2\/types\/post"}],"author":[{"embeddable":true,"href":"https:\/\/www.evelyne-axell.info\/fra\/wp-json\/wp\/v2\/users\/1"}],"replies":[{"embeddable":true,"href":"https:\/\/www.evelyne-axell.info\/fra\/wp-json\/wp\/v2\/comments?post=1025"}],"version-history":[{"count":2,"href":"https:\/\/www.evelyne-axell.info\/fra\/wp-json\/wp\/v2\/posts\/1025\/revisions"}],"predecessor-version":[{"id":1030,"href":"https:\/\/www.evelyne-axell.info\/fra\/wp-json\/wp\/v2\/posts\/1025\/revisions\/1030"}],"wp:featuredmedia":[{"embeddable":true,"href":"https:\/\/www.evelyne-axell.info\/fra\/wp-json\/wp\/v2\/media\/1028"}],"wp:attachment":[{"href":"https:\/\/www.evelyne-axell.info\/fra\/wp-json\/wp\/v2\/media?parent=1025"}],"wp:term":[{"taxonomy":"category","embeddable":true,"href":"https:\/\/www.evelyne-axell.info\/fra\/wp-json\/wp\/v2\/categories?post=1025"},{"taxonomy":"post_tag","embeddable":true,"href":"https:\/\/www.evelyne-axell.info\/fra\/wp-json\/wp\/v2\/tags?post=1025"}],"curies":[{"name":"wp","href":"https:\/\/api.w.org\/{rel}","templated":true}]}}