{"id":1009,"date":"2016-05-16T14:54:23","date_gmt":"2016-05-16T12:54:23","guid":{"rendered":"http:\/\/www.evelyne-axell.info\/fra\/?p=1009"},"modified":"2016-05-21T13:14:24","modified_gmt":"2016-05-21T11:14:24","slug":"jean-antoine-qui-fut-le-mari-develyne-axell-est-decede","status":"publish","type":"post","link":"https:\/\/www.evelyne-axell.info\/fra\/2016\/05\/16\/jean-antoine-qui-fut-le-mari-develyne-axell-est-decede\/","title":{"rendered":"Jean Antoine qui fut le mari d\u2019Evelyne Axell est d\u00e9c\u00e9d\u00e9."},"content":{"rendered":"<h2>Jean Antoine, n\u00e9 \u00e0 Koekelberg (Belgique) en 1930 \u00a0est d\u00e9c\u00e9d\u00e9 ce jeudi 12 mai 2016 \u00e0 Paris. Il fut le mari d\u2019Evelyne Axell et l\u2019un des pionniers de la t\u00e9l\u00e9vision en Belgique.<\/h2>\n<div id=\"attachment_1010\" style=\"width: 870px\" class=\"wp-caption alignnone\"><img data-recalc-dims=\"1\" loading=\"lazy\" decoding=\"async\" aria-describedby=\"caption-attachment-1010\" class=\"wp-image-1010 size-large\" src=\"https:\/\/i0.wp.com\/www.evelyne-axell.info\/fra\/wp-content\/uploads\/2016\/05\/Jean-Antoine-et-Evelyne-Axell.jpg?resize=860%2C484&#038;ssl=1\" alt=\"Jean Antoine et Evelyne Axell\" width=\"860\" height=\"484\" srcset=\"https:\/\/i0.wp.com\/www.evelyne-axell.info\/fra\/wp-content\/uploads\/2016\/05\/Jean-Antoine-et-Evelyne-Axell.jpg?resize=1024%2C576&amp;ssl=1 1024w, https:\/\/i0.wp.com\/www.evelyne-axell.info\/fra\/wp-content\/uploads\/2016\/05\/Jean-Antoine-et-Evelyne-Axell.jpg?resize=150%2C84&amp;ssl=1 150w, https:\/\/i0.wp.com\/www.evelyne-axell.info\/fra\/wp-content\/uploads\/2016\/05\/Jean-Antoine-et-Evelyne-Axell.jpg?resize=711%2C400&amp;ssl=1 711w, https:\/\/i0.wp.com\/www.evelyne-axell.info\/fra\/wp-content\/uploads\/2016\/05\/Jean-Antoine-et-Evelyne-Axell.jpg?resize=768%2C432&amp;ssl=1 768w, https:\/\/i0.wp.com\/www.evelyne-axell.info\/fra\/wp-content\/uploads\/2016\/05\/Jean-Antoine-et-Evelyne-Axell.jpg?resize=410%2C231&amp;ssl=1 410w, https:\/\/i0.wp.com\/www.evelyne-axell.info\/fra\/wp-content\/uploads\/2016\/05\/Jean-Antoine-et-Evelyne-Axell.jpg?resize=860%2C484&amp;ssl=1 860w, https:\/\/i0.wp.com\/www.evelyne-axell.info\/fra\/wp-content\/uploads\/2016\/05\/Jean-Antoine-et-Evelyne-Axell.jpg?w=1920&amp;ssl=1 1920w, https:\/\/i0.wp.com\/www.evelyne-axell.info\/fra\/wp-content\/uploads\/2016\/05\/Jean-Antoine-et-Evelyne-Axell.jpg?w=1720&amp;ssl=1 1720w\" sizes=\"auto, (max-width: 860px) 100vw, 860px\" \/><p id=\"caption-attachment-1010\" class=\"wp-caption-text\">Jean Antoine et Evelyne Axell<\/p><\/div>\n<p>Form\u00e9 au th\u00e9\u00e2tre, passionn\u00e9 de litt\u00e9rature et de po\u00e9sie, il \u00e9tudie \u00e0 La Sorbonne \u00e0 Paris et participe \u00e0 la retransmission t\u00e9l\u00e9vis\u00e9e de pi\u00e8ces de th\u00e9\u00e2tre pour la t\u00e9l\u00e9vision fran\u00e7aise. De retour \u00e0 Bruxelles, Jean Antoine entre \u00e0 l\u2019INR (anc\u00eatre de la RTBF) o\u00f9 il pr\u00e9sente la premi\u00e8re \u00ab\u00a0dramatique\u00a0\u00bb de la t\u00e9l\u00e9vision belge, le 11 novembre 1953 : \u00ab Le grand Voyage \u00bb. Il participe \u00e0 la cr\u00e9ation et au d\u00e9veloppement du secteur culturel \u00e0 la t\u00e9l\u00e9vision. Il initie les t\u00e9l\u00e9spectateurs \u00e0 l\u2019art avec des \u00e9missions et portraits consacr\u00e9s aux plus grands artistes contemporains, surtout plasticiens et \u00e9crivains : Duchamp, Botero, Alechinsky, Magritte, Alberto Moravia, Hugo Claus, Warhol, Roland Topor, Simenon, Roy Lichtenstein, Paul Delvaux, De Chirico, Senghor, et bien d\u2019autres.<\/p>\n<p>En 1956 il rencontre Evelyne Axell, alors com\u00e9dienne, qu\u2019il \u00e9pouse en d\u00e9cembre de la m\u00eame ann\u00e9e. C\u2019est en juin 1957 que nait leur fils\u00a0: Philippe.<\/p>\n<p>Sa s\u00e9rie d\u2019\u00e9missions sur l\u2019art et la litt\u00e9rature, \u00ab\u00a0M\u00e9tamorphoses\u00a0\u00bb, sera d\u00e9terminante pour la carri\u00e8re artistique d\u2019Evelyne Axell. Alors qu\u2019elle vient de commencer la peinture, sous la supervision de Ren\u00e9 Magritte, ami de la famille Antoine, en 1964 Jean Antoine r\u00e9alise trois films sur ces nouveaux mouvements artistiques que sont le Pop Art et la Figuration Narrative\u00a0: \u00ab\u00a0L\u2019\u00e9cole de New York\u00a0\u00bb, \u00ab\u00a0L\u2019aventure de l\u2019objet\u00a0\u00bb et surtout \u00ab\u00a0Dieu est-il Pop\u00a0?\u00a0\u00bb. C\u2019est \u00e0 l\u2019occasion du tournage \u00e0 Londres de ce dernier film, auquel Evelyne Axell assiste, qu\u2019elle rencontre toutes les grandes figures du Pop Art anglais qui auront une influence essentielle sur l\u2019\u00e9volution de son \u0153uvre.<\/p>\n<p>A partir de 1966 Jean Antoine se lance dans de grandes s\u00e9ries documentaires, tout particuli\u00e8rement la s\u00e9rie <a href=\"http:\/\/www.sonuma.be\/archive\/jean-antoine-les-sovi%C3%A9tiques\" target=\"_blank\">\u00ab Les Sovi\u00e9tiques \u00bb<\/a>, r\u00e9alis\u00e9e dans l\u2019URSS de l\u2019\u00e9poque de la guerre froide. L\u2019un des \u00e9pisodes est consacr\u00e9 \u00e0 Valentina Terechkova, la premi\u00e8re femme cosmonaute, qui inspirera l\u2019\u0153uvre d\u2019Evelyne Axell, \u00ab\u00a0Valentine\u00a0\u00bb, aujourd\u2019hui expos\u00e9e dans les collections permanentes de la Tate Modern \u00e0 Londres.<\/p>\n<p>Apr\u00e8s le d\u00e9c\u00e8s d\u2019Evelyne Axell, Jean Antoine \u00e9pouse en 1975 Mali Funakoshi, la fille d\u2019un c\u00e9l\u00e8bre artiste japonais et se prend de passion pour la culture et l\u2019art japonais. Il r\u00e9alise une grande s\u00e9rie documentaire \u00ab\u00a0Japon, l\u2019art et l\u2019histoire\u00a0\u00bb qui fait r\u00e9f\u00e9rence en la mati\u00e8re. Jean Antoine est aussi un pr\u00e9curseur du docu-fiction, notamment par sa s\u00e9rie \u00ab\u00a0L\u2019Europe de la Toison d\u2019Or\u00a0\u00bb o\u00f9 il m\u00eale reconstitutions en costume et s\u00e9quences documentaires. Il continue \u00e9galement les \u00e9missions artistiques avec la s\u00e9rie \u00ab\u00a0Styles\u00a0\u00bb.<\/p>\n<p>A partir de 1995 il se consacre principalement \u00e0 la reconnaissance de l\u2019\u0153uvre d\u2019Evelyne Axell, oubli\u00e9e depuis plus de 20 ans. L\u2019un de ses derniers films <a href=\"http:\/\/sensoprojekt.com\/films\/les-annees-pop-art-1964-1968-de-jean-antoine-2.html\" target=\"_blank\">\u00ab Les ann\u00e9es Pop Art, 1964-1968 \u00bb<\/a> est justement un remontage de ses films des ann\u00e9es 60 o\u00f9 Evelyne Axell figure enfin aux c\u00f4t\u00e9s des \u00ab\u00a0papes\u00a0\u00bb du Pop.<\/p>\n<p><img data-recalc-dims=\"1\" loading=\"lazy\" decoding=\"async\" class=\"aligncenter size-large wp-image-1011\" src=\"https:\/\/i0.wp.com\/www.evelyne-axell.info\/fra\/wp-content\/uploads\/2016\/05\/Jean-et-Evelyne-retouch-01.jpg?resize=860%2C860&#038;ssl=1\" alt=\"Jean et Evelyne retouch 01\" width=\"860\" height=\"860\" srcset=\"https:\/\/i0.wp.com\/www.evelyne-axell.info\/fra\/wp-content\/uploads\/2016\/05\/Jean-et-Evelyne-retouch-01.jpg?resize=1024%2C1024&amp;ssl=1 1024w, https:\/\/i0.wp.com\/www.evelyne-axell.info\/fra\/wp-content\/uploads\/2016\/05\/Jean-et-Evelyne-retouch-01.jpg?resize=150%2C150&amp;ssl=1 150w, https:\/\/i0.wp.com\/www.evelyne-axell.info\/fra\/wp-content\/uploads\/2016\/05\/Jean-et-Evelyne-retouch-01.jpg?resize=400%2C400&amp;ssl=1 400w, https:\/\/i0.wp.com\/www.evelyne-axell.info\/fra\/wp-content\/uploads\/2016\/05\/Jean-et-Evelyne-retouch-01.jpg?resize=768%2C768&amp;ssl=1 768w, https:\/\/i0.wp.com\/www.evelyne-axell.info\/fra\/wp-content\/uploads\/2016\/05\/Jean-et-Evelyne-retouch-01.jpg?w=2034&amp;ssl=1 2034w, https:\/\/i0.wp.com\/www.evelyne-axell.info\/fra\/wp-content\/uploads\/2016\/05\/Jean-et-Evelyne-retouch-01.jpg?w=1720&amp;ssl=1 1720w\" sizes=\"auto, (max-width: 860px) 100vw, 860px\" \/><\/p>\n","protected":false},"excerpt":{"rendered":"<p>Jean Antoine, n\u00e9 \u00e0 Koekelberg (Belgique) en 1930 \u00a0est d\u00e9c\u00e9d\u00e9 ce jeudi 12 mai 2016 \u00e0 Paris. Il fut le mari d\u2019Evelyne Axell et l\u2019un des pionniers de la t\u00e9l\u00e9vision en Belgique. Form\u00e9 au th\u00e9\u00e2tre, passionn\u00e9 de litt\u00e9rature et de <a class=\"more-link\" href=\"https:\/\/www.evelyne-axell.info\/fra\/2016\/05\/16\/jean-antoine-qui-fut-le-mari-develyne-axell-est-decede\/\">Lire la suite&#8230;<\/a><\/p>\n","protected":false},"author":1,"featured_media":1012,"comment_status":"closed","ping_status":"closed","sticky":false,"template":"","format":"standard","meta":{"ngg_post_thumbnail":0,"_jetpack_memberships_contains_paid_content":false,"footnotes":""},"categories":[3,4],"tags":[],"class_list":["post-1009","post","type-post","status-publish","format-standard","has-post-thumbnail","hentry","category-evenements","category-expo"],"jetpack_featured_media_url":"https:\/\/i0.wp.com\/www.evelyne-axell.info\/fra\/wp-content\/uploads\/2016\/05\/corr-Mexique-Aout-1972004-e1463403468309.jpg?fit=799%2C575&ssl=1","jetpack_sharing_enabled":true,"_links":{"self":[{"href":"https:\/\/www.evelyne-axell.info\/fra\/wp-json\/wp\/v2\/posts\/1009","targetHints":{"allow":["GET"]}}],"collection":[{"href":"https:\/\/www.evelyne-axell.info\/fra\/wp-json\/wp\/v2\/posts"}],"about":[{"href":"https:\/\/www.evelyne-axell.info\/fra\/wp-json\/wp\/v2\/types\/post"}],"author":[{"embeddable":true,"href":"https:\/\/www.evelyne-axell.info\/fra\/wp-json\/wp\/v2\/users\/1"}],"replies":[{"embeddable":true,"href":"https:\/\/www.evelyne-axell.info\/fra\/wp-json\/wp\/v2\/comments?post=1009"}],"version-history":[{"count":3,"href":"https:\/\/www.evelyne-axell.info\/fra\/wp-json\/wp\/v2\/posts\/1009\/revisions"}],"predecessor-version":[{"id":1015,"href":"https:\/\/www.evelyne-axell.info\/fra\/wp-json\/wp\/v2\/posts\/1009\/revisions\/1015"}],"wp:featuredmedia":[{"embeddable":true,"href":"https:\/\/www.evelyne-axell.info\/fra\/wp-json\/wp\/v2\/media\/1012"}],"wp:attachment":[{"href":"https:\/\/www.evelyne-axell.info\/fra\/wp-json\/wp\/v2\/media?parent=1009"}],"wp:term":[{"taxonomy":"category","embeddable":true,"href":"https:\/\/www.evelyne-axell.info\/fra\/wp-json\/wp\/v2\/categories?post=1009"},{"taxonomy":"post_tag","embeddable":true,"href":"https:\/\/www.evelyne-axell.info\/fra\/wp-json\/wp\/v2\/tags?post=1009"}],"curies":[{"name":"wp","href":"https:\/\/api.w.org\/{rel}","templated":true}]}}